{"id":1895,"date":"2021-04-13T12:23:21","date_gmt":"2021-04-13T10:23:21","guid":{"rendered":"http:\/\/www.ecole-stjeannotredame.fr\/?p=1895"},"modified":"2021-04-13T12:25:10","modified_gmt":"2021-04-13T10:25:10","slug":"operation-bol-de-riz-a-lensemble-scolaire-saint-jean-notre-dame","status":"publish","type":"post","link":"https:\/\/www.ecole-stjeannotredame.fr\/index.php\/2021\/04\/13\/operation-bol-de-riz-a-lensemble-scolaire-saint-jean-notre-dame\/","title":{"rendered":"Op\u00e9ration Bol de riz \u00e0 l&rsquo;ensemble scolaire Saint Jean Notre Dame"},"content":{"rendered":"<h3>Le vendredi 2 avril, les enfants volontaires du CE1 au CM2 ont particip\u00e9 \u00e0 l&rsquo;op\u00e9ration bol de riz au profit du Secours Catholique de La Fert\u00e9-Bernard.<\/h3>\n<h3>Madame Boyer, membre de l&rsquo;association est venue pr\u00e9senter les missions de solidarit\u00e9 et d&rsquo;entraide mises en place. Les enfants ont \u00e9t\u00e9 particuli\u00e8rement int\u00e9ress\u00e9s par le soutien scolaire apport\u00e9 aux enfants ainsi qu&rsquo;\u00e0 la vente de v\u00eatements pour des prix modiques.Puis c&rsquo;est plus de 80 enfants qui sont venus partager un bol de riz et un fruit au restaurant scolaire. L&rsquo;argent r\u00e9colt\u00e9 par cette op\u00e9ration sera remis au Secours Catholique de La Fert\u00e9-Bernard afin de proposer une sortie \u00e0 des familles qui n&rsquo;ont pas l&rsquo;occasion de partir en vacances.<\/h3>\n<p><img loading=\"lazy\" decoding=\"async\" class=\"size-medium wp-image-1896\" src=\"http:\/\/www.ecole-stjeannotredame.fr\/wp-content\/uploads\/2021\/04\/bol-de-riz-2-300x225.jpg\" alt=\"\" width=\"300\" height=\"225\" \/><\/p>\n<p><img loading=\"lazy\" decoding=\"async\" class=\"size-medium wp-image-1897\" src=\"http:\/\/www.ecole-stjeannotredame.fr\/wp-content\/uploads\/2021\/04\/Bol-de-riz-300x225.jpg\" alt=\"\" width=\"300\" height=\"225\" \/><\/p>\n<h3><\/h3>\n","protected":false},"excerpt":{"rendered":"<p>Le vendredi 2 avril, les enfants volontaires du CE1 au CM2 ont particip\u00e9 \u00e0 l&rsquo;op\u00e9ration bol de riz au profit du Secours Catholique de La Fert\u00e9-Bernard. Madame Boyer, membre de l&rsquo;association est venue pr\u00e9senter les missions de solidarit\u00e9 et d&rsquo;entraide mises en place. Les enfants ont \u00e9t\u00e9 particuli\u00e8rement int\u00e9ress\u00e9s par le soutien scolaire apport\u00e9 aux [&hellip;]<\/p>\n","protected":false},"author":21,"featured_media":1897,"comment_status":"closed","ping_status":"open","sticky":false,"template":"","format":"standard","meta":{"_et_pb_use_builder":"","_et_pb_old_content":"","_et_gb_content_width":"","footnotes":""},"categories":[1],"tags":[],"class_list":["post-1895","post","type-post","status-publish","format-standard","has-post-thumbnail","hentry","category-non-classe"],"_links":{"self":[{"href":"https:\/\/www.ecole-stjeannotredame.fr\/index.php\/wp-json\/wp\/v2\/posts\/1895","targetHints":{"allow":["GET"]}}],"collection":[{"href":"https:\/\/www.ecole-stjeannotredame.fr\/index.php\/wp-json\/wp\/v2\/posts"}],"about":[{"href":"https:\/\/www.ecole-stjeannotredame.fr\/index.php\/wp-json\/wp\/v2\/types\/post"}],"author":[{"embeddable":true,"href":"https:\/\/www.ecole-stjeannotredame.fr\/index.php\/wp-json\/wp\/v2\/users\/21"}],"replies":[{"embeddable":true,"href":"https:\/\/www.ecole-stjeannotredame.fr\/index.php\/wp-json\/wp\/v2\/comments?post=1895"}],"version-history":[{"count":1,"href":"https:\/\/www.ecole-stjeannotredame.fr\/index.php\/wp-json\/wp\/v2\/posts\/1895\/revisions"}],"predecessor-version":[{"id":1898,"href":"https:\/\/www.ecole-stjeannotredame.fr\/index.php\/wp-json\/wp\/v2\/posts\/1895\/revisions\/1898"}],"wp:featuredmedia":[{"embeddable":true,"href":"https:\/\/www.ecole-stjeannotredame.fr\/index.php\/wp-json\/wp\/v2\/media\/1897"}],"wp:attachment":[{"href":"https:\/\/www.ecole-stjeannotredame.fr\/index.php\/wp-json\/wp\/v2\/media?parent=1895"}],"wp:term":[{"taxonomy":"category","embeddable":true,"href":"https:\/\/www.ecole-stjeannotredame.fr\/index.php\/wp-json\/wp\/v2\/categories?post=1895"},{"taxonomy":"post_tag","embeddable":true,"href":"https:\/\/www.ecole-stjeannotredame.fr\/index.php\/wp-json\/wp\/v2\/tags?post=1895"}],"curies":[{"name":"wp","href":"https:\/\/api.w.org\/{rel}","templated":true}]}}