{"id":2199,"date":"2021-10-15T12:44:56","date_gmt":"2021-10-15T10:44:56","guid":{"rendered":"http:\/\/www.ecole-stjeannotredame.fr\/?p=2199"},"modified":"2021-10-22T20:14:52","modified_gmt":"2021-10-22T18:14:52","slug":"lelection-des-delegues-des-cp-ce1","status":"publish","type":"post","link":"https:\/\/www.ecole-stjeannotredame.fr\/index.php\/2021\/10\/15\/lelection-des-delegues-des-cp-ce1\/","title":{"rendered":"L\u2019\u00e9lection des d\u00e9l\u00e9gu\u00e9s des CP-CE1"},"content":{"rendered":"<p>Le r\u00f4le d\u2019un d\u00e9l\u00e9gu\u00e9\u00a0:<\/p>\n<p>-Il faut \u00eatre capable de parler devant des personnes qu\u2019on ne conna\u00eet pas.<\/p>\n<p>-Il faut se rappeler de ce que les copains de la classe ont dit pour le dire \u00e0 la directrice et aux autres d\u00e9l\u00e9gu\u00e9s de classe.<\/p>\n<p>-Il ne faut pas mentir.<\/p>\n<p>-Il faut \u00eatre capable de ne pas s\u2019agiter et de lever le doigt pour parler.<\/p>\n<div id=\"attachment_2206\" style=\"width: 310px\" class=\"wp-caption alignleft\"><img loading=\"lazy\" decoding=\"async\" aria-describedby=\"caption-attachment-2206\" class=\"size-medium wp-image-2206\" src=\"http:\/\/www.ecole-stjeannotredame.fr\/wp-content\/uploads\/2021\/10\/IMG_20211004_142013-300x225.jpg\" alt=\"\" width=\"300\" height=\"225\" \/><p id=\"caption-attachment-2206\" class=\"wp-caption-text\">Les CE1 aidaient les CP \u00e0 lire et \u00e0 \u00e9crire pour recopier sur notre carte d\u2019\u00e9lecteur notre nom, notre date de naissance, notre lieu de naissance.<\/p><\/div>\n<div id=\"attachment_2200\" style=\"width: 235px\" class=\"wp-caption alignnone\"><img loading=\"lazy\" decoding=\"async\" aria-describedby=\"caption-attachment-2200\" class=\"size-medium wp-image-2200\" src=\"http:\/\/www.ecole-stjeannotredame.fr\/wp-content\/uploads\/2021\/10\/IMG_20211005_140828-225x300.jpg\" alt=\"\" width=\"225\" height=\"300\" \/><p id=\"caption-attachment-2200\" class=\"wp-caption-text\">Tom montre sa carte d\u2019\u00e9lecteur pour prouver qu\u2019il peut voter. Si on oublie sa carte, on ne peut pas voter.<\/p><\/div>\n<div id=\"attachment_2201\" style=\"width: 310px\" class=\"wp-caption alignleft\"><img loading=\"lazy\" decoding=\"async\" aria-describedby=\"caption-attachment-2201\" class=\"size-medium wp-image-2201\" src=\"http:\/\/www.ecole-stjeannotredame.fr\/wp-content\/uploads\/2021\/10\/IMG_20211005_141000-300x225.jpg\" alt=\"\" width=\"300\" height=\"225\" \/><p id=\"caption-attachment-2201\" class=\"wp-caption-text\">Il met son bulletin dans l\u2019urne pour voter. Il est dans l\u2019isoloir pour ne pas que quelqu\u2019un voit ce qu\u2019il a entour\u00e9 sur le bulletin de vote.<\/p><\/div>\n<p>&nbsp;<\/p>\n<div id=\"attachment_2202\" style=\"width: 235px\" class=\"wp-caption alignnone\"><img loading=\"lazy\" decoding=\"async\" aria-describedby=\"caption-attachment-2202\" class=\"size-medium wp-image-2202\" src=\"http:\/\/www.ecole-stjeannotredame.fr\/wp-content\/uploads\/2021\/10\/IMG_20211005_141218-1-225x300.jpg\" alt=\"\" width=\"225\" height=\"300\" \/><p id=\"caption-attachment-2202\" class=\"wp-caption-text\">Il tamponne sa carte pour \u00e9crire la date du jour o\u00f9 il a vot\u00e9.<\/p><\/div>\n<div id=\"attachment_2207\" style=\"width: 235px\" class=\"wp-caption alignleft\"><img loading=\"lazy\" decoding=\"async\" aria-describedby=\"caption-attachment-2207\" class=\"size-medium wp-image-2207\" src=\"http:\/\/www.ecole-stjeannotredame.fr\/wp-content\/uploads\/2021\/10\/IMG_20211005_141236-225x300.jpg\" alt=\"\" width=\"225\" height=\"300\" \/><p id=\"caption-attachment-2207\" class=\"wp-caption-text\">On devait barrer \u00e0 c\u00f4t\u00e9 de son nom pour ne pas voter deux fois.<\/p><\/div>\n<div id=\"attachment_2204\" style=\"width: 310px\" class=\"wp-caption alignnone\"><img loading=\"lazy\" decoding=\"async\" aria-describedby=\"caption-attachment-2204\" class=\"size-medium wp-image-2204\" src=\"http:\/\/www.ecole-stjeannotredame.fr\/wp-content\/uploads\/2021\/10\/IMG_20211007_134840-300x225.jpg\" alt=\"\" width=\"300\" height=\"225\" \/><p id=\"caption-attachment-2204\" class=\"wp-caption-text\">Jules met des traits sur les noms des candidats quand Th\u00e9a-Rose lit le pr\u00e9nom sur le bulletin de vote. C\u2019est le d\u00e9pouillement du vote.<\/p><\/div>\n<div id=\"attachment_2205\" style=\"width: 310px\" class=\"wp-caption alignleft\"><img loading=\"lazy\" decoding=\"async\" aria-describedby=\"caption-attachment-2205\" class=\"size-medium wp-image-2205\" src=\"http:\/\/www.ecole-stjeannotredame.fr\/wp-content\/uploads\/2021\/10\/IMG_20211007_140619-300x225.jpg\" alt=\"\" width=\"300\" height=\"225\" \/><p id=\"caption-attachment-2205\" class=\"wp-caption-text\">Soan et Jules ont gagn\u00e9 car ils ont le plus de voix.<br \/>Lilas est la rempla\u00e7ante de Soan, et Monica est la rempla\u00e7ante de Jules.<\/p><\/div>\n","protected":false},"excerpt":{"rendered":"<p>Le r\u00f4le d\u2019un d\u00e9l\u00e9gu\u00e9\u00a0: -Il faut \u00eatre capable de parler devant des personnes qu\u2019on ne conna\u00eet pas. -Il faut se rappeler de ce que les copains de la classe ont dit pour le dire \u00e0 la directrice et aux autres d\u00e9l\u00e9gu\u00e9s de classe. -Il ne faut pas mentir. -Il faut \u00eatre capable de ne pas [&hellip;]<\/p>\n","protected":false},"author":12,"featured_media":2209,"comment_status":"closed","ping_status":"open","sticky":false,"template":"","format":"standard","meta":{"_et_pb_use_builder":"","_et_pb_old_content":"","_et_gb_content_width":"","footnotes":""},"categories":[1],"tags":[],"class_list":["post-2199","post","type-post","status-publish","format-standard","has-post-thumbnail","hentry","category-non-classe"],"_links":{"self":[{"href":"https:\/\/www.ecole-stjeannotredame.fr\/index.php\/wp-json\/wp\/v2\/posts\/2199","targetHints":{"allow":["GET"]}}],"collection":[{"href":"https:\/\/www.ecole-stjeannotredame.fr\/index.php\/wp-json\/wp\/v2\/posts"}],"about":[{"href":"https:\/\/www.ecole-stjeannotredame.fr\/index.php\/wp-json\/wp\/v2\/types\/post"}],"author":[{"embeddable":true,"href":"https:\/\/www.ecole-stjeannotredame.fr\/index.php\/wp-json\/wp\/v2\/users\/12"}],"replies":[{"embeddable":true,"href":"https:\/\/www.ecole-stjeannotredame.fr\/index.php\/wp-json\/wp\/v2\/comments?post=2199"}],"version-history":[{"count":2,"href":"https:\/\/www.ecole-stjeannotredame.fr\/index.php\/wp-json\/wp\/v2\/posts\/2199\/revisions"}],"predecessor-version":[{"id":2210,"href":"https:\/\/www.ecole-stjeannotredame.fr\/index.php\/wp-json\/wp\/v2\/posts\/2199\/revisions\/2210"}],"wp:featuredmedia":[{"embeddable":true,"href":"https:\/\/www.ecole-stjeannotredame.fr\/index.php\/wp-json\/wp\/v2\/media\/2209"}],"wp:attachment":[{"href":"https:\/\/www.ecole-stjeannotredame.fr\/index.php\/wp-json\/wp\/v2\/media?parent=2199"}],"wp:term":[{"taxonomy":"category","embeddable":true,"href":"https:\/\/www.ecole-stjeannotredame.fr\/index.php\/wp-json\/wp\/v2\/categories?post=2199"},{"taxonomy":"post_tag","embeddable":true,"href":"https:\/\/www.ecole-stjeannotredame.fr\/index.php\/wp-json\/wp\/v2\/tags?post=2199"}],"curies":[{"name":"wp","href":"https:\/\/api.w.org\/{rel}","templated":true}]}}