{"id":2286,"date":"2021-11-07T18:11:31","date_gmt":"2021-11-07T17:11:31","guid":{"rendered":"https:\/\/www.ecole-stjeannotredame.fr\/?p=2286"},"modified":"2021-11-07T19:06:29","modified_gmt":"2021-11-07T18:06:29","slug":"la-visite-de-pere-antoine-a-lecole","status":"publish","type":"post","link":"https:\/\/www.ecole-stjeannotredame.fr\/index.php\/2021\/11\/07\/la-visite-de-pere-antoine-a-lecole\/","title":{"rendered":"La visite de P\u00e8re Antoine \u00e0 l&rsquo;\u00e9cole."},"content":{"rendered":"<p><strong>Antoine Cl\u00e9ment a \u00e9t\u00e9 ordonn\u00e9 pr\u00eatre en juin 2021. \u00c0 bient\u00f4t 32 ans, il est devenu vicaire \u00e0 La Fert\u00e9-Bernard le 1er septembre dernier et assiste le p\u00e8re Bernard de Chasteigner, en remplacement du p\u00e8re Amaury.<\/strong><\/p>\n<p><strong>Quel est votre r\u00f4le \u00e0 La Fert\u00e9-Bernard ?<\/strong><\/p>\n<p><em><strong>\u00ab J\u2019assiste le p\u00e8re Bernard de Chasteigner dans son r\u00f4le de responsable de la paroisse. Nous sommes tous les deux pr\u00eatres. Je l\u2019aide autant sur la c\u00e9l\u00e9bration des messes, des bapt\u00eames, mariages et enterrements que sur l\u2019accompagnement des jeunes, des \u00e9coles, des maisons de retraite, des Scouts, du secours catholique\u2026 \u00bb<\/strong><\/em><\/p>\n<p><strong>P\u00e8re Antoine est venu \u00e0 la rencontre dans un premier temps, des professeures lors d&rsquo;une concertation pour d\u00e9couvrir les projets mis en place \u00e0 l&rsquo;\u00e9cole et ceux \u00e0 venir en pastoral. Puis il est venu dans les classes pour se pr\u00e9senter et r\u00e9pondre \u00e0 leurs questions. <em>\u00ab\u00a0Vas-tu \u00e0 la messe tous les dimanches?\u00a0\u00bb , \u00a0\u00bb Pourquoi tu n&rsquo;es pas mari\u00e9? \u00ab\u00a0, \u00ab\u00a0Comment as tu choisi d&rsquo;\u00eatre pr\u00eatre?<\/em> \u00a0\u00bb &#8230; les questions \u00e9taient si nombreuses que\u00a0 d\u00e8s qu&rsquo;il recevra une invitation des enfants et de leur professeur, il reviendra avec plaisir pour y r\u00e9pondre.<\/strong><\/p>\n<div class=\"et_pb_slider et_pb_slider_fullwidth_off et_pb_gallery_post_type\">\n\t\t\t\t<div class=\"et_pb_slides\">\n\t\t\t\t\t<div class=\"et_pb_slide\" style=\"background: url(https:\/\/www.ecole-stjeannotredame.fr\/wp-content\/uploads\/2021\/11\/IMG_20210928_105734-scaled.jpg);\"><\/div><div class=\"et_pb_slide\" style=\"background: url(https:\/\/www.ecole-stjeannotredame.fr\/wp-content\/uploads\/2021\/11\/IMG_20210928_104154-scaled.jpg);\"><\/div><div class=\"et_pb_slide\" style=\"background: url(https:\/\/www.ecole-stjeannotredame.fr\/wp-content\/uploads\/2021\/11\/IMG_20210928_103426-scaled.jpg);\"><\/div><div class=\"et_pb_slide\" style=\"background: url(https:\/\/www.ecole-stjeannotredame.fr\/wp-content\/uploads\/2021\/11\/IMG_20210928_142959-scaled.jpg);\"><\/div><div class=\"et_pb_slide\" style=\"background: url(https:\/\/www.ecole-stjeannotredame.fr\/wp-content\/uploads\/2021\/11\/IMG_20210928_110428-scaled.jpg);\"><\/div><div class=\"et_pb_slide\" style=\"background: url(https:\/\/www.ecole-stjeannotredame.fr\/wp-content\/uploads\/2021\/11\/IMG_20210928_134955-scaled.jpg);\"><\/div><div class=\"et_pb_slide\" style=\"background: url(https:\/\/www.ecole-stjeannotredame.fr\/wp-content\/uploads\/2021\/11\/IMG_20210928_140059-scaled.jpg);\"><\/div>\n\t\t\t\t<\/div>\n\t\t\t<\/div>\n<p>&nbsp;<\/p>\n<p>&nbsp;<\/p>\n<p>&nbsp;<\/p>\n","protected":false},"excerpt":{"rendered":"<p>Antoine Cl\u00e9ment a \u00e9t\u00e9 ordonn\u00e9 pr\u00eatre en juin 2021. \u00c0 bient\u00f4t 32 ans, il est devenu vicaire \u00e0 La Fert\u00e9-Bernard le 1er septembre dernier et assiste le p\u00e8re Bernard de Chasteigner, en remplacement du p\u00e8re Amaury. Quel est votre r\u00f4le \u00e0 La Fert\u00e9-Bernard ? \u00ab J\u2019assiste le p\u00e8re Bernard de Chasteigner dans son r\u00f4le de [&hellip;]<\/p>\n","protected":false},"author":20,"featured_media":2298,"comment_status":"closed","ping_status":"open","sticky":false,"template":"","format":"standard","meta":{"_et_pb_use_builder":"","_et_pb_old_content":"","_et_gb_content_width":"","footnotes":""},"categories":[1],"tags":[],"class_list":["post-2286","post","type-post","status-publish","format-standard","has-post-thumbnail","hentry","category-non-classe"],"_links":{"self":[{"href":"https:\/\/www.ecole-stjeannotredame.fr\/index.php\/wp-json\/wp\/v2\/posts\/2286","targetHints":{"allow":["GET"]}}],"collection":[{"href":"https:\/\/www.ecole-stjeannotredame.fr\/index.php\/wp-json\/wp\/v2\/posts"}],"about":[{"href":"https:\/\/www.ecole-stjeannotredame.fr\/index.php\/wp-json\/wp\/v2\/types\/post"}],"author":[{"embeddable":true,"href":"https:\/\/www.ecole-stjeannotredame.fr\/index.php\/wp-json\/wp\/v2\/users\/20"}],"replies":[{"embeddable":true,"href":"https:\/\/www.ecole-stjeannotredame.fr\/index.php\/wp-json\/wp\/v2\/comments?post=2286"}],"version-history":[{"count":4,"href":"https:\/\/www.ecole-stjeannotredame.fr\/index.php\/wp-json\/wp\/v2\/posts\/2286\/revisions"}],"predecessor-version":[{"id":2322,"href":"https:\/\/www.ecole-stjeannotredame.fr\/index.php\/wp-json\/wp\/v2\/posts\/2286\/revisions\/2322"}],"wp:featuredmedia":[{"embeddable":true,"href":"https:\/\/www.ecole-stjeannotredame.fr\/index.php\/wp-json\/wp\/v2\/media\/2298"}],"wp:attachment":[{"href":"https:\/\/www.ecole-stjeannotredame.fr\/index.php\/wp-json\/wp\/v2\/media?parent=2286"}],"wp:term":[{"taxonomy":"category","embeddable":true,"href":"https:\/\/www.ecole-stjeannotredame.fr\/index.php\/wp-json\/wp\/v2\/categories?post=2286"},{"taxonomy":"post_tag","embeddable":true,"href":"https:\/\/www.ecole-stjeannotredame.fr\/index.php\/wp-json\/wp\/v2\/tags?post=2286"}],"curies":[{"name":"wp","href":"https:\/\/api.w.org\/{rel}","templated":true}]}}