{"id":2419,"date":"2021-12-04T07:41:00","date_gmt":"2021-12-04T06:41:00","guid":{"rendered":"https:\/\/www.ecole-stjeannotredame.fr\/?p=2419"},"modified":"2021-12-05T17:58:21","modified_gmt":"2021-12-05T16:58:21","slug":"une-formation-numerique-pour-les-professeures-de-lecole","status":"publish","type":"post","link":"https:\/\/www.ecole-stjeannotredame.fr\/index.php\/2021\/12\/04\/une-formation-numerique-pour-les-professeures-de-lecole\/","title":{"rendered":"Une formation num\u00e9rique pour les professeures de l&rsquo;\u00e9cole"},"content":{"rendered":"<p><span style=\"color: #008000;\">Le confinement et l\u2019enseignement \u00e0 distance, qui mobilisent toutes sortes de services num\u00e9riques, ont fortement amplifi\u00e9 <strong>le besoin de formation aux technologies nouvelles.<\/strong>\u00a0<\/span><\/p>\n<p><span style=\"color: #008000;\">Les professeures de l&rsquo;\u00e9cole se sont retrouv\u00e9es autour de <strong>Pierre Ledem\u00e9, l&rsquo;informaticien de l&rsquo;ensemble scolaire<\/strong> afin de <strong>se former aux outils num\u00e9riques<\/strong>. Cette personne ressource a ainsi accompagn\u00e9 les enseignantes dans la bonne humeur et les reverra tr\u00e8s prochainement. <img loading=\"lazy\" decoding=\"async\" class=\"alignnone size-medium wp-image-2421\" src=\"http:\/\/www.ecole-stjeannotredame.fr\/wp-content\/uploads\/2021\/12\/IMG_20211117_092818-300x225.jpg\" alt=\"\" width=\"300\" height=\"225\" \/> <img loading=\"lazy\" decoding=\"async\" class=\"alignnone size-medium wp-image-2422\" src=\"http:\/\/www.ecole-stjeannotredame.fr\/wp-content\/uploads\/2021\/12\/IMG_20211117_092218-300x225.jpg\" alt=\"\" width=\"300\" height=\"225\" \/> <img loading=\"lazy\" decoding=\"async\" class=\"alignnone size-medium wp-image-2423\" src=\"http:\/\/www.ecole-stjeannotredame.fr\/wp-content\/uploads\/2021\/12\/IMG_20211117_092740-300x225.jpg\" alt=\"\" width=\"300\" height=\"225\" \/><\/span><\/p>\n<p>&nbsp;<\/p>\n<p>&nbsp;<\/p>\n","protected":false},"excerpt":{"rendered":"<p>Le confinement et l\u2019enseignement \u00e0 distance, qui mobilisent toutes sortes de services num\u00e9riques, ont fortement amplifi\u00e9 le besoin de formation aux technologies nouvelles.\u00a0 Les professeures de l&rsquo;\u00e9cole se sont retrouv\u00e9es autour de Pierre Ledem\u00e9, l&rsquo;informaticien de l&rsquo;ensemble scolaire afin de se former aux outils num\u00e9riques. Cette personne ressource a ainsi accompagn\u00e9 les enseignantes dans la [&hellip;]<\/p>\n","protected":false},"author":20,"featured_media":2420,"comment_status":"closed","ping_status":"open","sticky":false,"template":"","format":"standard","meta":{"_et_pb_use_builder":"","_et_pb_old_content":"","_et_gb_content_width":"","footnotes":""},"categories":[1],"tags":[],"class_list":["post-2419","post","type-post","status-publish","format-standard","has-post-thumbnail","hentry","category-non-classe"],"_links":{"self":[{"href":"https:\/\/www.ecole-stjeannotredame.fr\/index.php\/wp-json\/wp\/v2\/posts\/2419","targetHints":{"allow":["GET"]}}],"collection":[{"href":"https:\/\/www.ecole-stjeannotredame.fr\/index.php\/wp-json\/wp\/v2\/posts"}],"about":[{"href":"https:\/\/www.ecole-stjeannotredame.fr\/index.php\/wp-json\/wp\/v2\/types\/post"}],"author":[{"embeddable":true,"href":"https:\/\/www.ecole-stjeannotredame.fr\/index.php\/wp-json\/wp\/v2\/users\/20"}],"replies":[{"embeddable":true,"href":"https:\/\/www.ecole-stjeannotredame.fr\/index.php\/wp-json\/wp\/v2\/comments?post=2419"}],"version-history":[{"count":2,"href":"https:\/\/www.ecole-stjeannotredame.fr\/index.php\/wp-json\/wp\/v2\/posts\/2419\/revisions"}],"predecessor-version":[{"id":2497,"href":"https:\/\/www.ecole-stjeannotredame.fr\/index.php\/wp-json\/wp\/v2\/posts\/2419\/revisions\/2497"}],"wp:featuredmedia":[{"embeddable":true,"href":"https:\/\/www.ecole-stjeannotredame.fr\/index.php\/wp-json\/wp\/v2\/media\/2420"}],"wp:attachment":[{"href":"https:\/\/www.ecole-stjeannotredame.fr\/index.php\/wp-json\/wp\/v2\/media?parent=2419"}],"wp:term":[{"taxonomy":"category","embeddable":true,"href":"https:\/\/www.ecole-stjeannotredame.fr\/index.php\/wp-json\/wp\/v2\/categories?post=2419"},{"taxonomy":"post_tag","embeddable":true,"href":"https:\/\/www.ecole-stjeannotredame.fr\/index.php\/wp-json\/wp\/v2\/tags?post=2419"}],"curies":[{"name":"wp","href":"https:\/\/api.w.org\/{rel}","templated":true}]}}