{"id":2761,"date":"2022-01-27T18:20:09","date_gmt":"2022-01-27T17:20:09","guid":{"rendered":"http:\/\/www.ecole-stjeannotredame.fr\/?p=2761"},"modified":"2022-01-27T18:20:09","modified_gmt":"2022-01-27T17:20:09","slug":"assembly-du-14-decembre-2021","status":"publish","type":"post","link":"https:\/\/www.ecole-stjeannotredame.fr\/index.php\/2022\/01\/27\/assembly-du-14-decembre-2021\/","title":{"rendered":"ASSEMBLY DU 14 DECEMBRE 2021"},"content":{"rendered":"<h3>Les enfants de TPS\/PS\/MS, de GS et de CM ont pr\u00e9sent\u00e9 \u00e0 toute l&rsquo;\u00e9cole les projets qui leur tiennent \u00e0 coeur.<\/h3>\n<h3>Les TPS\/PS\/MS sont apparus magnifiques tels des Indiens. Avec pour symbole, un attrape-r\u00eave, ils ont fini de nous conqu\u00e9rir avec la chanson \u00a0\u00bb Ani Couni \u00ab\u00a0&#8230;<\/h3>\n<h3>Les GS nous ont sensibilis\u00e9 \u00e0 l&rsquo;Ecologie Int\u00e9grale avec la n\u00e9cessit\u00e9 de pr\u00e9server la qualit\u00e9 de l&rsquo;Air, ainsi que l&rsquo; Amazonie, qui doit rester un des poumons verts de notre plan\u00e8te. Les enfants nous ont pr\u00e9sent\u00e9 une manche \u00e0 air pour mesurer la force du vent et bien s\u00fbr, comme chant final: \u00ab\u00a0Vive le vent\u00a0\u00bb coulait de source.<\/h3>\n<h3>Et enfin, les CM, ont termin\u00e9 en beaut\u00e9 avec des chants de No\u00ebl que tous les enfants ont eu plaisir \u00e0 partager. Soulignons l\u00e0 le beau projet des enfants et de leurs enseignantes d&rsquo;aller pr\u00e9senter aux personnes \u00e2g\u00e9es, proches de notre Ecole, tout un r\u00e9pertoire de chants de NO\u00cbL.<\/h3>\n<h3><img loading=\"lazy\" decoding=\"async\" class=\"alignnone size-medium wp-image-2763\" src=\"http:\/\/www.ecole-stjeannotredame.fr\/wp-content\/uploads\/2022\/01\/ASSEMBLY-ACCUEIL-DU14-DEC21-300x135.jpg\" alt=\"\" width=\"300\" height=\"135\" \/> <img loading=\"lazy\" decoding=\"async\" class=\"alignnone size-medium wp-image-2764\" src=\"http:\/\/www.ecole-stjeannotredame.fr\/wp-content\/uploads\/2022\/01\/2-chanson-de-Marie-300x135.jpg\" alt=\"\" width=\"300\" height=\"135\" \/> <img loading=\"lazy\" decoding=\"async\" class=\"alignnone size-medium wp-image-2765\" src=\"http:\/\/www.ecole-stjeannotredame.fr\/wp-content\/uploads\/2022\/01\/3-la-force-du-vent-300x135.jpg\" alt=\"\" width=\"300\" height=\"135\" \/> <img loading=\"lazy\" decoding=\"async\" class=\"alignnone size-medium wp-image-2766\" src=\"http:\/\/www.ecole-stjeannotredame.fr\/wp-content\/uploads\/2022\/01\/4-la-manche-a-air-300x135.jpg\" alt=\"\" width=\"300\" height=\"135\" \/> <img loading=\"lazy\" decoding=\"async\" class=\"alignnone size-medium wp-image-2767\" src=\"http:\/\/www.ecole-stjeannotredame.fr\/wp-content\/uploads\/2022\/01\/5-chanson-Anne-Vaudron-300x135.jpg\" alt=\"\" width=\"300\" height=\"135\" \/> <img loading=\"lazy\" decoding=\"async\" class=\"alignnone size-medium wp-image-2769\" src=\"http:\/\/www.ecole-stjeannotredame.fr\/wp-content\/uploads\/2022\/01\/chansons-Benedicte-et-Amelie-300x135.jpg\" alt=\"\" width=\"300\" height=\"135\" \/> <img loading=\"lazy\" decoding=\"async\" class=\"alignnone size-medium wp-image-2770\" src=\"http:\/\/www.ecole-stjeannotredame.fr\/wp-content\/uploads\/2022\/01\/6-photo-dequipe-finale-300x225.jpg\" alt=\"\" width=\"300\" height=\"225\" \/><\/h3>\n","protected":false},"excerpt":{"rendered":"<p>Les enfants de TPS\/PS\/MS, de GS et de CM ont pr\u00e9sent\u00e9 \u00e0 toute l&rsquo;\u00e9cole les projets qui leur tiennent \u00e0 coeur. Les TPS\/PS\/MS sont apparus magnifiques tels des Indiens. Avec pour symbole, un attrape-r\u00eave, ils ont fini de nous conqu\u00e9rir avec la chanson \u00a0\u00bb Ani Couni \u00ab\u00a0&#8230; Les GS nous ont sensibilis\u00e9 \u00e0 l&rsquo;Ecologie Int\u00e9grale [&hellip;]<\/p>\n","protected":false},"author":6,"featured_media":2770,"comment_status":"closed","ping_status":"open","sticky":false,"template":"","format":"standard","meta":{"_et_pb_use_builder":"","_et_pb_old_content":"","_et_gb_content_width":"","footnotes":""},"categories":[1],"tags":[],"class_list":["post-2761","post","type-post","status-publish","format-standard","has-post-thumbnail","hentry","category-non-classe"],"_links":{"self":[{"href":"https:\/\/www.ecole-stjeannotredame.fr\/index.php\/wp-json\/wp\/v2\/posts\/2761","targetHints":{"allow":["GET"]}}],"collection":[{"href":"https:\/\/www.ecole-stjeannotredame.fr\/index.php\/wp-json\/wp\/v2\/posts"}],"about":[{"href":"https:\/\/www.ecole-stjeannotredame.fr\/index.php\/wp-json\/wp\/v2\/types\/post"}],"author":[{"embeddable":true,"href":"https:\/\/www.ecole-stjeannotredame.fr\/index.php\/wp-json\/wp\/v2\/users\/6"}],"replies":[{"embeddable":true,"href":"https:\/\/www.ecole-stjeannotredame.fr\/index.php\/wp-json\/wp\/v2\/comments?post=2761"}],"version-history":[{"count":1,"href":"https:\/\/www.ecole-stjeannotredame.fr\/index.php\/wp-json\/wp\/v2\/posts\/2761\/revisions"}],"predecessor-version":[{"id":2771,"href":"https:\/\/www.ecole-stjeannotredame.fr\/index.php\/wp-json\/wp\/v2\/posts\/2761\/revisions\/2771"}],"wp:featuredmedia":[{"embeddable":true,"href":"https:\/\/www.ecole-stjeannotredame.fr\/index.php\/wp-json\/wp\/v2\/media\/2770"}],"wp:attachment":[{"href":"https:\/\/www.ecole-stjeannotredame.fr\/index.php\/wp-json\/wp\/v2\/media?parent=2761"}],"wp:term":[{"taxonomy":"category","embeddable":true,"href":"https:\/\/www.ecole-stjeannotredame.fr\/index.php\/wp-json\/wp\/v2\/categories?post=2761"},{"taxonomy":"post_tag","embeddable":true,"href":"https:\/\/www.ecole-stjeannotredame.fr\/index.php\/wp-json\/wp\/v2\/tags?post=2761"}],"curies":[{"name":"wp","href":"https:\/\/api.w.org\/{rel}","templated":true}]}}