{"id":3397,"date":"2022-05-19T18:30:05","date_gmt":"2022-05-19T16:30:05","guid":{"rendered":"http:\/\/www.ecole-stjeannotredame.fr\/?p=3397"},"modified":"2022-05-19T18:30:05","modified_gmt":"2022-05-19T16:30:05","slug":"notre-assemblee-du-3-mai","status":"publish","type":"post","link":"https:\/\/www.ecole-stjeannotredame.fr\/index.php\/2022\/05\/19\/notre-assemblee-du-3-mai\/","title":{"rendered":"Notre Assembl\u00e9e du 3 mai"},"content":{"rendered":"<p>Le mardi 3 mai nous nous sommes tous retrouv\u00e9s sur la cour du site 1 pour vivre notre temps d&rsquo;assembl\u00e9e.<\/p>\n<p>Les \u00e9l\u00e8ves de CE1\/CE2 de la classe de madame Raveneau nous ont interpr\u00e9t\u00e9 le chant \u00ab\u00a0L&rsquo;union fait la force\u00a0\u00bb. C&rsquo;est un chant qui fait \u00e9cho aux ateliers philo men\u00e9s en classe.<\/p>\n<p><img loading=\"lazy\" decoding=\"async\" class=\"alignnone size-medium wp-image-3403\" src=\"http:\/\/www.ecole-stjeannotredame.fr\/wp-content\/uploads\/2022\/05\/IMG_3058-300x225.jpg\" alt=\"\" width=\"300\" height=\"225\" \/><\/p>\n<p><img loading=\"lazy\" decoding=\"async\" class=\"alignnone size-medium wp-image-3404\" src=\"http:\/\/www.ecole-stjeannotredame.fr\/wp-content\/uploads\/2022\/05\/IMG_3058-1-300x225.jpg\" alt=\"\" width=\"300\" height=\"225\" \/><\/p>\n<p>&nbsp;<\/p>\n<p>Au retour des vacances de printemps, tous les enfants ont pu c\u00e9l\u00e9brer P\u00e2ques et f\u00eater J\u00e9sus ressuscit\u00e9 en se rendant \u00e0 l&rsquo;\u00e9glise Notre Dame des Marais. Les enfants de la maternelle nous ont partag\u00e9 cette joie en gestuant et en chantant l&rsquo;Amour de Dieu.<\/p>\n<p><img loading=\"lazy\" decoding=\"async\" class=\"alignnone size-medium wp-image-3399\" src=\"http:\/\/www.ecole-stjeannotredame.fr\/wp-content\/uploads\/2022\/05\/IMG_3043-300x225.jpg\" alt=\"\" width=\"300\" height=\"225\" \/> <img loading=\"lazy\" decoding=\"async\" class=\"alignnone size-medium wp-image-3400\" src=\"http:\/\/www.ecole-stjeannotredame.fr\/wp-content\/uploads\/2022\/05\/IMG_3044-1-300x225.jpg\" alt=\"\" width=\"300\" height=\"225\" \/><\/p>\n<p><img loading=\"lazy\" decoding=\"async\" class=\"alignnone size-medium wp-image-3402\" src=\"http:\/\/www.ecole-stjeannotredame.fr\/wp-content\/uploads\/2022\/05\/IMG_3045-300x225.jpg\" alt=\"\" width=\"300\" height=\"225\" \/><\/p>\n<p>&nbsp;<\/p>\n<p>Enfin les CE2 de la classe de madame Gondard ont t\u00e9moign\u00e9 des d\u00e9fis \u00ab\u00a0\u00e9cosyst\u00e8me\u00a0\u00bb qu&rsquo;ils se sont lanc\u00e9s depuis le d\u00e9but de l&rsquo;ann\u00e9e. Au travers de ces d\u00e9fis, les enfants viennent en aide \u00e0 des pays pauvres notamment en \u00e9tendant l&rsquo;\u00e9lectrification. Parmi ces pays il y a le Burkina, le Togo&#8230; et bien d&rsquo;autres encore qu&rsquo;ils nous ont pr\u00e9sent\u00e9s sur une carte.<\/p>\n<p><img loading=\"lazy\" decoding=\"async\" class=\"alignnone size-medium wp-image-3406\" src=\"http:\/\/www.ecole-stjeannotredame.fr\/wp-content\/uploads\/2022\/05\/IMG_3050-1-300x225.jpg\" alt=\"\" width=\"300\" height=\"225\" \/><\/p>\n<p><img loading=\"lazy\" decoding=\"async\" class=\"alignnone size-medium wp-image-3408\" src=\"http:\/\/www.ecole-stjeannotredame.fr\/wp-content\/uploads\/2022\/05\/IMG_3050-300x225.jpg\" alt=\"\" width=\"300\" height=\"225\" \/><\/p>\n<p>C&rsquo;est madame Guiton qui a eu le mot de la fin pour nous pr\u00e9senter tous les projets et sorties p\u00e9dagogiques \u00e0 venir. Les mois de mai et juin s&rsquo;annoncent bien charg\u00e9s !<\/p>\n<p><img loading=\"lazy\" decoding=\"async\" class=\"alignnone size-medium wp-image-3409\" src=\"http:\/\/www.ecole-stjeannotredame.fr\/wp-content\/uploads\/2022\/05\/IMG_3059-225x300.jpg\" alt=\"\" width=\"225\" height=\"300\" \/><\/p>\n<p>Mais entre toutes ces aventures \u00e0 venir et le beau temps qui s&rsquo;installe, il ne faut pas en oublier notre travail scolaire car les vacances ne sont pas encore l\u00e0 et d\u00e9but juillet lors de notre derni\u00e8re assembl\u00e9e nous aurons encore de belles choses \u00e0 nous partager avant de se quitter pour les vacances.<\/p>\n<p>&nbsp;<\/p>\n","protected":false},"excerpt":{"rendered":"<p>Le mardi 3 mai nous nous sommes tous retrouv\u00e9s sur la cour du site 1 pour vivre notre temps d&rsquo;assembl\u00e9e. Les \u00e9l\u00e8ves de CE1\/CE2 de la classe de madame Raveneau nous ont interpr\u00e9t\u00e9 le chant \u00ab\u00a0L&rsquo;union fait la force\u00a0\u00bb. C&rsquo;est un chant qui fait \u00e9cho aux ateliers philo men\u00e9s en classe. &nbsp; Au retour des [&hellip;]<\/p>\n","protected":false},"author":7,"featured_media":0,"comment_status":"closed","ping_status":"open","sticky":false,"template":"","format":"standard","meta":{"_et_pb_use_builder":"","_et_pb_old_content":"","_et_gb_content_width":"","footnotes":""},"categories":[1],"tags":[],"class_list":["post-3397","post","type-post","status-publish","format-standard","hentry","category-non-classe"],"_links":{"self":[{"href":"https:\/\/www.ecole-stjeannotredame.fr\/index.php\/wp-json\/wp\/v2\/posts\/3397","targetHints":{"allow":["GET"]}}],"collection":[{"href":"https:\/\/www.ecole-stjeannotredame.fr\/index.php\/wp-json\/wp\/v2\/posts"}],"about":[{"href":"https:\/\/www.ecole-stjeannotredame.fr\/index.php\/wp-json\/wp\/v2\/types\/post"}],"author":[{"embeddable":true,"href":"https:\/\/www.ecole-stjeannotredame.fr\/index.php\/wp-json\/wp\/v2\/users\/7"}],"replies":[{"embeddable":true,"href":"https:\/\/www.ecole-stjeannotredame.fr\/index.php\/wp-json\/wp\/v2\/comments?post=3397"}],"version-history":[{"count":2,"href":"https:\/\/www.ecole-stjeannotredame.fr\/index.php\/wp-json\/wp\/v2\/posts\/3397\/revisions"}],"predecessor-version":[{"id":3410,"href":"https:\/\/www.ecole-stjeannotredame.fr\/index.php\/wp-json\/wp\/v2\/posts\/3397\/revisions\/3410"}],"wp:attachment":[{"href":"https:\/\/www.ecole-stjeannotredame.fr\/index.php\/wp-json\/wp\/v2\/media?parent=3397"}],"wp:term":[{"taxonomy":"category","embeddable":true,"href":"https:\/\/www.ecole-stjeannotredame.fr\/index.php\/wp-json\/wp\/v2\/categories?post=3397"},{"taxonomy":"post_tag","embeddable":true,"href":"https:\/\/www.ecole-stjeannotredame.fr\/index.php\/wp-json\/wp\/v2\/tags?post=3397"}],"curies":[{"name":"wp","href":"https:\/\/api.w.org\/{rel}","templated":true}]}}