{"id":3946,"date":"2022-11-11T08:56:46","date_gmt":"2022-11-11T07:56:46","guid":{"rendered":"https:\/\/www.ecole-stjeannotredame.fr\/?p=3946"},"modified":"2022-11-11T08:56:46","modified_gmt":"2022-11-11T07:56:46","slug":"spectacle-crocodiles","status":"publish","type":"post","link":"https:\/\/www.ecole-stjeannotredame.fr\/index.php\/2022\/11\/11\/spectacle-crocodiles\/","title":{"rendered":"Spectacle crocodiles"},"content":{"rendered":"<p><span style=\"color: #0000ff;\">Le vendredi 21 octobre, les classes de CM1\/CM2 de Madame Moreau et CM2 de Madame Guiton se sont rendus \u00e0 la salle Ath\u00e9na \u00e0 La Fert\u00e9-Bernard.<\/span><\/p>\n<h2 style=\"text-align: left;\"><span style=\"color: #008080;\"><strong><em>Crocodiles, <\/em>inspir\u00e9 de l\u2019histoire vraie du jeune \u00c9na\u00efat,\u00a0raconte ses 5 ann\u00e9es de voyages d\u2019Afghanistan jusqu\u2019en Italie.\u00a0La pi\u00e8ce de th\u00e9\u00e2tre\u00a0met en sc\u00e8ne son p\u00e9riple, entre vie et survie.<\/strong><\/span><\/h2>\n<h4><span style=\"color: #0000ff;\"><strong>Une mise en sc\u00e8ne forte<\/strong><\/span><\/h4>\n<p><span style=\"color: #0000ff;\">Durant pr\u00e8s de 50 minutes, le spectateur suit avec espoir et fascination le p\u00e9riple du jeune Ena\u00efat. Au travers du jeu remarquable de l\u2019acteur R\u00e9mi Fortin (en alternance avec Zacharie Laurent), le public d\u00e9couvre les multiples \u00e9preuves travers\u00e9es par Ena\u00efat. Pour accompagner son p\u00e9riple, <strong>la mise en sc\u00e8ne<\/strong>\u00a0appuy\u00e9e par une musique\u00a0compos\u00e9e pour la pi\u00e8ce met en valeur le\u00a0texte, les mots, les paroles. Les images, diffus\u00e9es tout\u00a0au long de la repr\u00e9sentation, <strong>donnent du poids \u00e0 l\u2019histoire<\/strong>. <\/span><\/p>\n<p><span style=\"color: #0000ff;\">Puis les \u00e9l\u00e8ves ont eu la chance de pouvoir discuter du spectacle avec l&rsquo;acteur et le metteur en sc\u00e8ne. <\/span><\/p>\n<p><span style=\"color: #0000ff;\">Les \u00e9changes furent riches,un GRAND MERCI \u00e0 l&rsquo;APEL d&rsquo;avoir offert l&rsquo;entr\u00e9e de ce spectacle aux enfants.<\/span><\/p>\n<p>&nbsp;<\/p>\n<p><img loading=\"lazy\" decoding=\"async\" class=\"alignnone size-medium wp-image-3947\" src=\"http:\/\/www.ecole-stjeannotredame.fr\/wp-content\/uploads\/2022\/11\/IMG_20221021_140716-300x225.jpg\" alt=\"\" width=\"300\" height=\"225\" \/> <img loading=\"lazy\" decoding=\"async\" class=\"alignnone size-medium wp-image-3948\" src=\"http:\/\/www.ecole-stjeannotredame.fr\/wp-content\/uploads\/2022\/11\/IMG_20221021_140929-300x225.jpg\" alt=\"\" width=\"300\" height=\"225\" \/><\/p>\n","protected":false},"excerpt":{"rendered":"<p>Le vendredi 21 octobre, les classes de CM1\/CM2 de Madame Moreau et CM2 de Madame Guiton se sont rendus \u00e0 la salle Ath\u00e9na \u00e0 La Fert\u00e9-Bernard. Crocodiles, inspir\u00e9 de l\u2019histoire vraie du jeune \u00c9na\u00efat,\u00a0raconte ses 5 ann\u00e9es de voyages d\u2019Afghanistan jusqu\u2019en Italie.\u00a0La pi\u00e8ce de th\u00e9\u00e2tre\u00a0met en sc\u00e8ne son p\u00e9riple, entre vie et survie. Une mise [&hellip;]<\/p>\n","protected":false},"author":20,"featured_media":3949,"comment_status":"closed","ping_status":"open","sticky":false,"template":"","format":"standard","meta":{"_et_pb_use_builder":"","_et_pb_old_content":"","_et_gb_content_width":"","footnotes":""},"categories":[1],"tags":[],"class_list":["post-3946","post","type-post","status-publish","format-standard","has-post-thumbnail","hentry","category-non-classe"],"_links":{"self":[{"href":"https:\/\/www.ecole-stjeannotredame.fr\/index.php\/wp-json\/wp\/v2\/posts\/3946","targetHints":{"allow":["GET"]}}],"collection":[{"href":"https:\/\/www.ecole-stjeannotredame.fr\/index.php\/wp-json\/wp\/v2\/posts"}],"about":[{"href":"https:\/\/www.ecole-stjeannotredame.fr\/index.php\/wp-json\/wp\/v2\/types\/post"}],"author":[{"embeddable":true,"href":"https:\/\/www.ecole-stjeannotredame.fr\/index.php\/wp-json\/wp\/v2\/users\/20"}],"replies":[{"embeddable":true,"href":"https:\/\/www.ecole-stjeannotredame.fr\/index.php\/wp-json\/wp\/v2\/comments?post=3946"}],"version-history":[{"count":1,"href":"https:\/\/www.ecole-stjeannotredame.fr\/index.php\/wp-json\/wp\/v2\/posts\/3946\/revisions"}],"predecessor-version":[{"id":3950,"href":"https:\/\/www.ecole-stjeannotredame.fr\/index.php\/wp-json\/wp\/v2\/posts\/3946\/revisions\/3950"}],"wp:featuredmedia":[{"embeddable":true,"href":"https:\/\/www.ecole-stjeannotredame.fr\/index.php\/wp-json\/wp\/v2\/media\/3949"}],"wp:attachment":[{"href":"https:\/\/www.ecole-stjeannotredame.fr\/index.php\/wp-json\/wp\/v2\/media?parent=3946"}],"wp:term":[{"taxonomy":"category","embeddable":true,"href":"https:\/\/www.ecole-stjeannotredame.fr\/index.php\/wp-json\/wp\/v2\/categories?post=3946"},{"taxonomy":"post_tag","embeddable":true,"href":"https:\/\/www.ecole-stjeannotredame.fr\/index.php\/wp-json\/wp\/v2\/tags?post=3946"}],"curies":[{"name":"wp","href":"https:\/\/api.w.org\/{rel}","templated":true}]}}