{"id":4407,"date":"2023-02-10T12:05:35","date_gmt":"2023-02-10T11:05:35","guid":{"rendered":"https:\/\/www.ecole-stjeannotredame.fr\/?p=4407"},"modified":"2023-02-10T12:05:35","modified_gmt":"2023-02-10T11:05:35","slug":"de-la-cave-au-grenier-lapel-a-nos-cotes","status":"publish","type":"post","link":"https:\/\/www.ecole-stjeannotredame.fr\/index.php\/2023\/02\/10\/de-la-cave-au-grenier-lapel-a-nos-cotes\/","title":{"rendered":"De la cave au grenier, l&rsquo;APEL \u00e0 nos c\u00f4t\u00e9s"},"content":{"rendered":"<h1 class=\"_aacl _aaco _aacu _aacx _aad7 _aade\">\u00a0 \u00a0 Cliquez :<\/h1>\n<h1 class=\"_aacl _aaco _aacu _aacx _aad7 _aade\"><a href=\"http:\/\/www.ecole-stjeannotredame.fr\/wp-content\/uploads\/2023\/01\/7-Matinee-rangement-14-janvier-1.pdf\">Matin\u00e9e rangement 14 janvier-1<\/a><\/h1>\n<h1 class=\"_aacl _aaco _aacu _aacx _aad7 _aade\">Le samedi 14 janvier, les parents se sont r\u00e9unis, le th\u00e8me de cette ann\u00e9e \u00e9tant les contes, pour r\u00e9\u00e9crire celui de Cendrillon.<img loading=\"lazy\" decoding=\"async\" class=\"alignnone size-medium wp-image-4413\" src=\"http:\/\/www.ecole-stjeannotredame.fr\/wp-content\/uploads\/2023\/02\/1-300x225.jpg\" alt=\"\" width=\"300\" height=\"225\" \/> <img loading=\"lazy\" decoding=\"async\" class=\"alignnone size-medium wp-image-4414\" src=\"http:\/\/www.ecole-stjeannotredame.fr\/wp-content\/uploads\/2023\/02\/3--300x225.jpg\" alt=\"\" width=\"300\" height=\"225\" \/> <img loading=\"lazy\" decoding=\"async\" class=\"alignnone size-medium wp-image-4415\" src=\"http:\/\/www.ecole-stjeannotredame.fr\/wp-content\/uploads\/2023\/02\/5-300x225.jpg\" alt=\"\" width=\"300\" height=\"225\" \/> <img loading=\"lazy\" decoding=\"async\" class=\"alignnone size-medium wp-image-4416\" src=\"http:\/\/www.ecole-stjeannotredame.fr\/wp-content\/uploads\/2023\/02\/8-300x225.jpg\" alt=\"\" width=\"300\" height=\"225\" \/> <img loading=\"lazy\" decoding=\"async\" class=\"alignnone size-medium wp-image-4417\" src=\"http:\/\/www.ecole-stjeannotredame.fr\/wp-content\/uploads\/2023\/02\/9-300x225.jpg\" alt=\"\" width=\"300\" height=\"225\" \/> <img loading=\"lazy\" decoding=\"async\" class=\"alignnone size-medium wp-image-4418\" src=\"http:\/\/www.ecole-stjeannotredame.fr\/wp-content\/uploads\/2023\/02\/11-300x225.jpg\" alt=\"\" width=\"300\" height=\"225\" \/> <img loading=\"lazy\" decoding=\"async\" class=\"alignnone size-medium wp-image-4419\" src=\"http:\/\/www.ecole-stjeannotredame.fr\/wp-content\/uploads\/2023\/02\/1675180191987-300x225.jpg\" alt=\"\" width=\"300\" height=\"225\" \/> <img loading=\"lazy\" decoding=\"async\" class=\"alignnone size-medium wp-image-4420\" src=\"http:\/\/www.ecole-stjeannotredame.fr\/wp-content\/uploads\/2023\/02\/1675180192017-300x225.jpg\" alt=\"\" width=\"300\" height=\"225\" \/> <img loading=\"lazy\" decoding=\"async\" class=\"alignnone size-medium wp-image-4421\" src=\"http:\/\/www.ecole-stjeannotredame.fr\/wp-content\/uploads\/2023\/02\/1675180237656-225x300.jpg\" alt=\"\" width=\"225\" height=\"300\" \/> <img loading=\"lazy\" decoding=\"async\" class=\"alignnone size-medium wp-image-4422\" src=\"http:\/\/www.ecole-stjeannotredame.fr\/wp-content\/uploads\/2023\/02\/1675180237684-300x225.jpg\" alt=\"\" width=\"300\" height=\"225\" \/><\/h1>\n<p><img loading=\"lazy\" decoding=\"async\" class=\"alignnone size-medium wp-image-4408\" src=\"http:\/\/www.ecole-stjeannotredame.fr\/wp-content\/uploads\/2023\/01\/1673948754795-225x300.jpg\" alt=\"\" width=\"225\" height=\"300\" \/> <img loading=\"lazy\" decoding=\"async\" class=\"alignnone size-medium wp-image-4409\" src=\"http:\/\/www.ecole-stjeannotredame.fr\/wp-content\/uploads\/2023\/01\/unnamed-300x222.jpg\" alt=\"\" width=\"300\" height=\"222\" \/><\/p>\n<h1 class=\"_aacl _aaco _aacu _aacx _aad7 _aade\">Une matin\u00e9e de tri, de d\u00e9sencombrement et de rangement dans la bonne humeur.<\/h1>\n<p><strong><span style=\"color: #0000ff;\">L&rsquo;occasion \u00e9galement de faire un don \u00e0 l&rsquo;association Solidarit\u00e9 Action Madagascar, les manuels scolaires qui ne correspondent plus aux nouveaux programmes de l&rsquo;Education Nationale seront achemin\u00e9s sur l&rsquo;\u00eele de Madagascar.\u00a0<\/span> <\/strong><\/p>\n","protected":false},"excerpt":{"rendered":"<p>\u00a0 \u00a0 Cliquez : Matin\u00e9e rangement 14 janvier-1 Le samedi 14 janvier, les parents se sont r\u00e9unis, le th\u00e8me de cette ann\u00e9e \u00e9tant les contes, pour r\u00e9\u00e9crire celui de Cendrillon. Une matin\u00e9e de tri, de d\u00e9sencombrement et de rangement dans la bonne humeur. L&rsquo;occasion \u00e9galement de faire un don \u00e0 l&rsquo;association Solidarit\u00e9 Action Madagascar, les [&hellip;]<\/p>\n","protected":false},"author":20,"featured_media":4408,"comment_status":"closed","ping_status":"open","sticky":false,"template":"","format":"standard","meta":{"_et_pb_use_builder":"","_et_pb_old_content":"","_et_gb_content_width":"","footnotes":""},"categories":[1],"tags":[],"class_list":["post-4407","post","type-post","status-publish","format-standard","has-post-thumbnail","hentry","category-non-classe"],"_links":{"self":[{"href":"https:\/\/www.ecole-stjeannotredame.fr\/index.php\/wp-json\/wp\/v2\/posts\/4407","targetHints":{"allow":["GET"]}}],"collection":[{"href":"https:\/\/www.ecole-stjeannotredame.fr\/index.php\/wp-json\/wp\/v2\/posts"}],"about":[{"href":"https:\/\/www.ecole-stjeannotredame.fr\/index.php\/wp-json\/wp\/v2\/types\/post"}],"author":[{"embeddable":true,"href":"https:\/\/www.ecole-stjeannotredame.fr\/index.php\/wp-json\/wp\/v2\/users\/20"}],"replies":[{"embeddable":true,"href":"https:\/\/www.ecole-stjeannotredame.fr\/index.php\/wp-json\/wp\/v2\/comments?post=4407"}],"version-history":[{"count":1,"href":"https:\/\/www.ecole-stjeannotredame.fr\/index.php\/wp-json\/wp\/v2\/posts\/4407\/revisions"}],"predecessor-version":[{"id":4423,"href":"https:\/\/www.ecole-stjeannotredame.fr\/index.php\/wp-json\/wp\/v2\/posts\/4407\/revisions\/4423"}],"wp:featuredmedia":[{"embeddable":true,"href":"https:\/\/www.ecole-stjeannotredame.fr\/index.php\/wp-json\/wp\/v2\/media\/4408"}],"wp:attachment":[{"href":"https:\/\/www.ecole-stjeannotredame.fr\/index.php\/wp-json\/wp\/v2\/media?parent=4407"}],"wp:term":[{"taxonomy":"category","embeddable":true,"href":"https:\/\/www.ecole-stjeannotredame.fr\/index.php\/wp-json\/wp\/v2\/categories?post=4407"},{"taxonomy":"post_tag","embeddable":true,"href":"https:\/\/www.ecole-stjeannotredame.fr\/index.php\/wp-json\/wp\/v2\/tags?post=4407"}],"curies":[{"name":"wp","href":"https:\/\/api.w.org\/{rel}","templated":true}]}}