{"id":4445,"date":"2023-02-20T10:13:52","date_gmt":"2023-02-20T09:13:52","guid":{"rendered":"https:\/\/www.ecole-stjeannotredame.fr\/?p=4445"},"modified":"2023-02-20T10:17:01","modified_gmt":"2023-02-20T09:17:01","slug":"pelerinage-annuel","status":"publish","type":"post","link":"https:\/\/www.ecole-stjeannotredame.fr\/index.php\/2023\/02\/20\/pelerinage-annuel\/","title":{"rendered":"P\u00e8lerinage annuel"},"content":{"rendered":"<p><span style=\"color: #000080;\">L&rsquo; Abb\u00e9 Bernard de Chasteigner, l&rsquo;Abb\u00e9 Antoine Cl\u00e9ment et les \u00e9quipes de cat\u00e9ch\u00e8se proposent aux enfants du CE2 au CM2 <span style=\"color: #008000;\"><strong>une journ\u00e9e p\u00e8lerinage.<\/strong> <\/span><\/span><\/p>\n<p><span style=\"color: #000080;\">Celle-ci aura lieu <strong><span style=\"color: #008000;\">le samedi 1er avril<\/span><\/strong> et se d\u00e9roulera \u00e0 Alen\u00e7on (61) <strong><span style=\"color: #008000;\">sur les pas de Sainte Th\u00e9r\u00e8se<\/span><\/strong>, \u00e0 la d\u00e9couverte de ses parents Saints Louis et Z\u00e9lie Martin. <\/span><\/p>\n<p><span style=\"color: #000080;\">L&rsquo;occasion de visiter la maison de la famille Martin, puis tout au long de la journ\u00e9e, les enfants et les adultes d\u00e9couvriront, sous forme de jeux, diff\u00e9rents lieux dans le centre-ville d&rsquo;Alen\u00e7on li\u00e9s \u00e0 la famille de Sainte Th\u00e9r\u00e8se. Petits et grands assisteront \u00e0 la messe en la Basilique. <\/span><\/p>\n<p><span style=\"color: #000080;\">Les enfants sont d\u00e9j\u00e0 en projet, ils ont r\u00e9alis\u00e9 de tr\u00e8s jolies affiches<img loading=\"lazy\" decoding=\"async\" class=\"alignnone wp-image-4448\" src=\"http:\/\/www.ecole-stjeannotredame.fr\/wp-content\/uploads\/2023\/02\/3-3-225x300.jpg\" alt=\"\" width=\"275\" height=\"367\" \/> <img loading=\"lazy\" decoding=\"async\" class=\"alignnone wp-image-4450\" src=\"http:\/\/www.ecole-stjeannotredame.fr\/wp-content\/uploads\/2023\/02\/5-3-300x225.jpg\" alt=\"\" width=\"521\" height=\"391\" \/><img loading=\"lazy\" decoding=\"async\" class=\"alignnone wp-image-4449\" src=\"http:\/\/www.ecole-stjeannotredame.fr\/wp-content\/uploads\/2023\/02\/4-3-225x300.jpg\" alt=\"\" width=\"294\" height=\"392\" \/><\/span><\/p>\n<p><span style=\"color: #000080;\">et Emilie est venue pr\u00e9senter dans les classes concern\u00e9es ce\u00a0 p\u00e8lerinage.\u00a0\u00a0 <img loading=\"lazy\" decoding=\"async\" class=\"alignnone size-medium wp-image-4446\" src=\"http:\/\/www.ecole-stjeannotredame.fr\/wp-content\/uploads\/2023\/02\/1-3-300x225.jpg\" alt=\"\" width=\"300\" height=\"225\" \/><\/span><\/p>\n","protected":false},"excerpt":{"rendered":"<p>L&rsquo; Abb\u00e9 Bernard de Chasteigner, l&rsquo;Abb\u00e9 Antoine Cl\u00e9ment et les \u00e9quipes de cat\u00e9ch\u00e8se proposent aux enfants du CE2 au CM2 une journ\u00e9e p\u00e8lerinage. Celle-ci aura lieu le samedi 1er avril et se d\u00e9roulera \u00e0 Alen\u00e7on (61) sur les pas de Sainte Th\u00e9r\u00e8se, \u00e0 la d\u00e9couverte de ses parents Saints Louis et Z\u00e9lie Martin. L&rsquo;occasion de [&hellip;]<\/p>\n","protected":false},"author":20,"featured_media":4447,"comment_status":"closed","ping_status":"open","sticky":false,"template":"","format":"standard","meta":{"_et_pb_use_builder":"","_et_pb_old_content":"","_et_gb_content_width":"","footnotes":""},"categories":[1],"tags":[],"class_list":["post-4445","post","type-post","status-publish","format-standard","has-post-thumbnail","hentry","category-non-classe"],"_links":{"self":[{"href":"https:\/\/www.ecole-stjeannotredame.fr\/index.php\/wp-json\/wp\/v2\/posts\/4445","targetHints":{"allow":["GET"]}}],"collection":[{"href":"https:\/\/www.ecole-stjeannotredame.fr\/index.php\/wp-json\/wp\/v2\/posts"}],"about":[{"href":"https:\/\/www.ecole-stjeannotredame.fr\/index.php\/wp-json\/wp\/v2\/types\/post"}],"author":[{"embeddable":true,"href":"https:\/\/www.ecole-stjeannotredame.fr\/index.php\/wp-json\/wp\/v2\/users\/20"}],"replies":[{"embeddable":true,"href":"https:\/\/www.ecole-stjeannotredame.fr\/index.php\/wp-json\/wp\/v2\/comments?post=4445"}],"version-history":[{"count":2,"href":"https:\/\/www.ecole-stjeannotredame.fr\/index.php\/wp-json\/wp\/v2\/posts\/4445\/revisions"}],"predecessor-version":[{"id":4453,"href":"https:\/\/www.ecole-stjeannotredame.fr\/index.php\/wp-json\/wp\/v2\/posts\/4445\/revisions\/4453"}],"wp:featuredmedia":[{"embeddable":true,"href":"https:\/\/www.ecole-stjeannotredame.fr\/index.php\/wp-json\/wp\/v2\/media\/4447"}],"wp:attachment":[{"href":"https:\/\/www.ecole-stjeannotredame.fr\/index.php\/wp-json\/wp\/v2\/media?parent=4445"}],"wp:term":[{"taxonomy":"category","embeddable":true,"href":"https:\/\/www.ecole-stjeannotredame.fr\/index.php\/wp-json\/wp\/v2\/categories?post=4445"},{"taxonomy":"post_tag","embeddable":true,"href":"https:\/\/www.ecole-stjeannotredame.fr\/index.php\/wp-json\/wp\/v2\/tags?post=4445"}],"curies":[{"name":"wp","href":"https:\/\/api.w.org\/{rel}","templated":true}]}}