{"id":4481,"date":"2023-02-21T11:12:10","date_gmt":"2023-02-21T10:12:10","guid":{"rendered":"https:\/\/www.ecole-stjeannotredame.fr\/?p=4481"},"modified":"2023-02-21T11:12:10","modified_gmt":"2023-02-21T10:12:10","slug":"vous-voulez-inscrire-votre-enfant-a-lecole-place-aux-transports-scolaires","status":"publish","type":"post","link":"https:\/\/www.ecole-stjeannotredame.fr\/index.php\/2023\/02\/21\/vous-voulez-inscrire-votre-enfant-a-lecole-place-aux-transports-scolaires\/","title":{"rendered":"Vous voulez inscrire votre enfant \u00e0 l&rsquo;\u00e9cole? Place aux transports scolaires"},"content":{"rendered":"<p style=\"text-align: center;\"><span style=\"color: #ff0000;\"><strong>TRANSPORTS SCOLAIRES : Renseignements et inscriptions<\/strong><\/span><\/p>\n<p><span style=\"color: #333399;\"><strong>Les inscriptions aux transports scolaires pour l\u2019ann\u00e9e scolaire 2023\/2024 se d\u00e9rouleront en ligne du 7 juin au 18 juillet pour le d\u00e9partement de la Sarthe et du 13 juin au 30 juillet pour le d\u00e9partement de l\u2019Orne. Pour en savoir plus (inscription, horaires, lignes, etc.) :<\/strong><\/span><\/p>\n<ul>\n<li><span style=\"color: #ff6600;\">Transports scolaires de la Sarthe<span style=\"color: #339966;\"> : <\/span><a style=\"color: #ff6600;\" href=\"https:\/\/aleop.paysdelaloire.fr\/sarthe\"><span style=\"color: #339966;\">https:\/\/aleop.paysdelaloire.fr\/sarthe<\/span><\/a><\/span><\/li>\n<li><span style=\"color: #ff6600;\">Transports scolaires de l\u2019Orne <span style=\"color: #339966;\">: <\/span><\/span><a href=\"https:\/\/www.normandie.fr\/transport-scolaire\"><span style=\"color: #00ffff;\"><span style=\"color: #339966;\">https:\/\/www.normandie.fr\/transport-scolaire<\/span><\/span><\/a><\/li>\n<\/ul>\n","protected":false},"excerpt":{"rendered":"<p>TRANSPORTS SCOLAIRES : Renseignements et inscriptions Les inscriptions aux transports scolaires pour l\u2019ann\u00e9e scolaire 2023\/2024 se d\u00e9rouleront en ligne du 7 juin au 18 juillet pour le d\u00e9partement de la Sarthe et du 13 juin au 30 juillet pour le d\u00e9partement de l\u2019Orne. Pour en savoir plus (inscription, horaires, lignes, etc.) : Transports scolaires de [&hellip;]<\/p>\n","protected":false},"author":20,"featured_media":3020,"comment_status":"closed","ping_status":"open","sticky":false,"template":"","format":"standard","meta":{"_et_pb_use_builder":"","_et_pb_old_content":"","_et_gb_content_width":"","footnotes":""},"categories":[1],"tags":[],"class_list":["post-4481","post","type-post","status-publish","format-standard","has-post-thumbnail","hentry","category-non-classe"],"_links":{"self":[{"href":"https:\/\/www.ecole-stjeannotredame.fr\/index.php\/wp-json\/wp\/v2\/posts\/4481","targetHints":{"allow":["GET"]}}],"collection":[{"href":"https:\/\/www.ecole-stjeannotredame.fr\/index.php\/wp-json\/wp\/v2\/posts"}],"about":[{"href":"https:\/\/www.ecole-stjeannotredame.fr\/index.php\/wp-json\/wp\/v2\/types\/post"}],"author":[{"embeddable":true,"href":"https:\/\/www.ecole-stjeannotredame.fr\/index.php\/wp-json\/wp\/v2\/users\/20"}],"replies":[{"embeddable":true,"href":"https:\/\/www.ecole-stjeannotredame.fr\/index.php\/wp-json\/wp\/v2\/comments?post=4481"}],"version-history":[{"count":1,"href":"https:\/\/www.ecole-stjeannotredame.fr\/index.php\/wp-json\/wp\/v2\/posts\/4481\/revisions"}],"predecessor-version":[{"id":4482,"href":"https:\/\/www.ecole-stjeannotredame.fr\/index.php\/wp-json\/wp\/v2\/posts\/4481\/revisions\/4482"}],"wp:featuredmedia":[{"embeddable":true,"href":"https:\/\/www.ecole-stjeannotredame.fr\/index.php\/wp-json\/wp\/v2\/media\/3020"}],"wp:attachment":[{"href":"https:\/\/www.ecole-stjeannotredame.fr\/index.php\/wp-json\/wp\/v2\/media?parent=4481"}],"wp:term":[{"taxonomy":"category","embeddable":true,"href":"https:\/\/www.ecole-stjeannotredame.fr\/index.php\/wp-json\/wp\/v2\/categories?post=4481"},{"taxonomy":"post_tag","embeddable":true,"href":"https:\/\/www.ecole-stjeannotredame.fr\/index.php\/wp-json\/wp\/v2\/tags?post=4481"}],"curies":[{"name":"wp","href":"https:\/\/api.w.org\/{rel}","templated":true}]}}