{"id":5017,"date":"2023-07-08T20:47:38","date_gmt":"2023-07-08T18:47:38","guid":{"rendered":"http:\/\/www.ecole-stjeannotredame.fr\/?p=5017"},"modified":"2023-07-08T20:47:38","modified_gmt":"2023-07-08T18:47:38","slug":"au-theatre-avec-les-cp-ce1-2","status":"publish","type":"post","link":"https:\/\/www.ecole-stjeannotredame.fr\/index.php\/2023\/07\/08\/au-theatre-avec-les-cp-ce1-2\/","title":{"rendered":"Au th\u00e9\u00e2tre avec les CP-CE1"},"content":{"rendered":"<p>&nbsp;<\/p>\n<p><img loading=\"lazy\" decoding=\"async\" class=\"alignleft size-medium wp-image-5019\" src=\"http:\/\/www.ecole-stjeannotredame.fr\/wp-content\/uploads\/2023\/07\/Les-enfants-du-site-1-viennent-nous-voir-2-300x225.jpg\" alt=\"\" width=\"300\" height=\"225\" \/>La classe de CP-CE1 de Madame Favre est heureuse de vous pr\u00e9senter l&rsquo;histoire de Tiers de Poulet.<\/p>\n<p>Les enfants ont jou\u00e9 devant leurs camarades du site 1. Ils ont aussi enregistr\u00e9 une vid\u00e9o afin de partager avec leurs familles le fruit de leur travail (Remarque: la vid\u00e9o \u00e9tant trop lourde pour le site, chaque spectacle est coup\u00e9 en deux parties).<\/p>\n<p>Installez-vous confortablement. Le spectacle va commencer&#8230;<\/p>\n<p>&nbsp;<\/p>\n<p>Maria Milan Emilio Cl\u00e9mence Constance Malo Elina L\u00e9a Hugo partie 1<\/p>\n<div style=\"width: 1080px;\" class=\"wp-video\"><video class=\"wp-video-shortcode\" id=\"video-5017-1\" width=\"1080\" height=\"608\" preload=\"metadata\" controls=\"controls\"><source type=\"video\/x-flv\" src=\"http:\/\/www.ecole-stjeannotredame.fr\/wp-content\/uploads\/2023\/07\/Maria-Milan-Emilio-Clemence-Constance-Malo-Elina-Lea-Hugo-partie-1.flv?_=1\" \/><a href=\"http:\/\/www.ecole-stjeannotredame.fr\/wp-content\/uploads\/2023\/07\/Maria-Milan-Emilio-Clemence-Constance-Malo-Elina-Lea-Hugo-partie-1.flv\">http:\/\/www.ecole-stjeannotredame.fr\/wp-content\/uploads\/2023\/07\/Maria-Milan-Emilio-Clemence-Constance-Malo-Elina-Lea-Hugo-partie-1.flv<\/a><\/video><\/div>\n<p>Maria Milan Emilio Cl\u00e9mence Constance Malo Elina L\u00e9a Hugo partie 2<\/p>\n<div style=\"width: 1080px;\" class=\"wp-video\"><video class=\"wp-video-shortcode\" id=\"video-5017-2\" width=\"1080\" height=\"608\" preload=\"metadata\" controls=\"controls\"><source type=\"video\/x-flv\" src=\"http:\/\/www.ecole-stjeannotredame.fr\/wp-content\/uploads\/2023\/07\/Maria-Milan-Emilio-Clemence-Constance-Malo-Elina-Lea-Hugo-partie-2.flv?_=2\" \/><a href=\"http:\/\/www.ecole-stjeannotredame.fr\/wp-content\/uploads\/2023\/07\/Maria-Milan-Emilio-Clemence-Constance-Malo-Elina-Lea-Hugo-partie-2.flv\">http:\/\/www.ecole-stjeannotredame.fr\/wp-content\/uploads\/2023\/07\/Maria-Milan-Emilio-Clemence-Constance-Malo-Elina-Lea-Hugo-partie-2.flv<\/a><\/video><\/div>\n<p>Gauthier Lucas Jade Kenzo Adam Hugo Florentin Jean Aaron partie 1<\/p>\n<div style=\"width: 1080px;\" class=\"wp-video\"><video class=\"wp-video-shortcode\" id=\"video-5017-3\" width=\"1080\" height=\"608\" preload=\"metadata\" controls=\"controls\"><source type=\"video\/x-flv\" src=\"http:\/\/www.ecole-stjeannotredame.fr\/wp-content\/uploads\/2023\/07\/Gauthier-Lucas-Jade-Kenzo-Adam-Hugo-Florentin-Jean-Aaron-partie-1.flv?_=3\" \/><a href=\"http:\/\/www.ecole-stjeannotredame.fr\/wp-content\/uploads\/2023\/07\/Gauthier-Lucas-Jade-Kenzo-Adam-Hugo-Florentin-Jean-Aaron-partie-1.flv\">http:\/\/www.ecole-stjeannotredame.fr\/wp-content\/uploads\/2023\/07\/Gauthier-Lucas-Jade-Kenzo-Adam-Hugo-Florentin-Jean-Aaron-partie-1.flv<\/a><\/video><\/div>\n<p>Gauthier Lucas Jade Kenzo Adam Hugo Florentin Jean Aaron partie 2<\/p>\n<div style=\"width: 1080px;\" class=\"wp-video\"><video class=\"wp-video-shortcode\" id=\"video-5017-4\" width=\"1080\" height=\"608\" preload=\"metadata\" controls=\"controls\"><source type=\"video\/x-flv\" src=\"http:\/\/www.ecole-stjeannotredame.fr\/wp-content\/uploads\/2023\/07\/Gauthier-Lucas-Jade-Kenzo-Adam-Hugo-Florentin-Jean-Aaron-partie-2.flv?_=4\" \/><a href=\"http:\/\/www.ecole-stjeannotredame.fr\/wp-content\/uploads\/2023\/07\/Gauthier-Lucas-Jade-Kenzo-Adam-Hugo-Florentin-Jean-Aaron-partie-2.flv\">http:\/\/www.ecole-stjeannotredame.fr\/wp-content\/uploads\/2023\/07\/Gauthier-Lucas-Jade-Kenzo-Adam-Hugo-Florentin-Jean-Aaron-partie-2.flv<\/a><\/video><\/div>\n<p>Ambre Milan Mathilde Lina Gino Bertille Ad\u00e8le Ambre Martin partie 1<\/p>\n<div style=\"width: 1080px;\" class=\"wp-video\"><video class=\"wp-video-shortcode\" id=\"video-5017-5\" width=\"1080\" height=\"608\" preload=\"metadata\" controls=\"controls\"><source type=\"video\/x-flv\" src=\"http:\/\/www.ecole-stjeannotredame.fr\/wp-content\/uploads\/2023\/07\/Ambre-Milan-Mathilde-Lina-Gino-Bertille-Adele-Ambre-Martin-partie-1.flv?_=5\" \/><a href=\"http:\/\/www.ecole-stjeannotredame.fr\/wp-content\/uploads\/2023\/07\/Ambre-Milan-Mathilde-Lina-Gino-Bertille-Adele-Ambre-Martin-partie-1.flv\">http:\/\/www.ecole-stjeannotredame.fr\/wp-content\/uploads\/2023\/07\/Ambre-Milan-Mathilde-Lina-Gino-Bertille-Adele-Ambre-Martin-partie-1.flv<\/a><\/video><\/div>\n<p>Ambre Milan Mathilde Lina Gino Bertille Ad\u00e8le Ambre Martin partie 2<\/p>\n<div style=\"width: 1080px;\" class=\"wp-video\"><video class=\"wp-video-shortcode\" id=\"video-5017-6\" width=\"1080\" height=\"608\" preload=\"metadata\" controls=\"controls\"><source type=\"video\/x-flv\" src=\"http:\/\/www.ecole-stjeannotredame.fr\/wp-content\/uploads\/2023\/07\/Ambre-Milan-Mathilde-Lina-Gino-Bertille-Adele-Ambre-Martin-partie-2.flv?_=6\" \/><a href=\"http:\/\/www.ecole-stjeannotredame.fr\/wp-content\/uploads\/2023\/07\/Ambre-Milan-Mathilde-Lina-Gino-Bertille-Adele-Ambre-Martin-partie-2.flv\">http:\/\/www.ecole-stjeannotredame.fr\/wp-content\/uploads\/2023\/07\/Ambre-Milan-Mathilde-Lina-Gino-Bertille-Adele-Ambre-Martin-partie-2.flv<\/a><\/video><\/div>\n<p>&nbsp;<\/p>\n<p>&nbsp;<\/p>\n","protected":false},"excerpt":{"rendered":"<p>&nbsp; La classe de CP-CE1 de Madame Favre est heureuse de vous pr\u00e9senter l&rsquo;histoire de Tiers de Poulet. Les enfants ont jou\u00e9 devant leurs camarades du site 1. Ils ont aussi enregistr\u00e9 une vid\u00e9o afin de partager avec leurs familles le fruit de leur travail (Remarque: la vid\u00e9o \u00e9tant trop lourde pour le site, chaque [&hellip;]<\/p>\n","protected":false},"author":12,"featured_media":5018,"comment_status":"closed","ping_status":"open","sticky":false,"template":"","format":"standard","meta":{"_et_pb_use_builder":"","_et_pb_old_content":"","_et_gb_content_width":"","footnotes":""},"categories":[1],"tags":[],"class_list":["post-5017","post","type-post","status-publish","format-standard","has-post-thumbnail","hentry","category-non-classe"],"_links":{"self":[{"href":"https:\/\/www.ecole-stjeannotredame.fr\/index.php\/wp-json\/wp\/v2\/posts\/5017","targetHints":{"allow":["GET"]}}],"collection":[{"href":"https:\/\/www.ecole-stjeannotredame.fr\/index.php\/wp-json\/wp\/v2\/posts"}],"about":[{"href":"https:\/\/www.ecole-stjeannotredame.fr\/index.php\/wp-json\/wp\/v2\/types\/post"}],"author":[{"embeddable":true,"href":"https:\/\/www.ecole-stjeannotredame.fr\/index.php\/wp-json\/wp\/v2\/users\/12"}],"replies":[{"embeddable":true,"href":"https:\/\/www.ecole-stjeannotredame.fr\/index.php\/wp-json\/wp\/v2\/comments?post=5017"}],"version-history":[{"count":2,"href":"https:\/\/www.ecole-stjeannotredame.fr\/index.php\/wp-json\/wp\/v2\/posts\/5017\/revisions"}],"predecessor-version":[{"id":5027,"href":"https:\/\/www.ecole-stjeannotredame.fr\/index.php\/wp-json\/wp\/v2\/posts\/5017\/revisions\/5027"}],"wp:featuredmedia":[{"embeddable":true,"href":"https:\/\/www.ecole-stjeannotredame.fr\/index.php\/wp-json\/wp\/v2\/media\/5018"}],"wp:attachment":[{"href":"https:\/\/www.ecole-stjeannotredame.fr\/index.php\/wp-json\/wp\/v2\/media?parent=5017"}],"wp:term":[{"taxonomy":"category","embeddable":true,"href":"https:\/\/www.ecole-stjeannotredame.fr\/index.php\/wp-json\/wp\/v2\/categories?post=5017"},{"taxonomy":"post_tag","embeddable":true,"href":"https:\/\/www.ecole-stjeannotredame.fr\/index.php\/wp-json\/wp\/v2\/tags?post=5017"}],"curies":[{"name":"wp","href":"https:\/\/api.w.org\/{rel}","templated":true}]}}