{"id":5085,"date":"2023-10-01T22:08:12","date_gmt":"2023-10-01T20:08:12","guid":{"rendered":"http:\/\/www.ecole-stjeannotredame.fr\/?p=5085"},"modified":"2023-10-21T08:58:30","modified_gmt":"2023-10-21T06:58:30","slug":"les-elections-de-delegues-comme-au-bureau-de-vote","status":"publish","type":"post","link":"https:\/\/www.ecole-stjeannotredame.fr\/index.php\/2023\/10\/01\/les-elections-de-delegues-comme-au-bureau-de-vote\/","title":{"rendered":"Les \u00e9lections de d\u00e9l\u00e9gu\u00e9s comme au bureau de vote"},"content":{"rendered":"<h3><em>Apr\u00e8s une campagne \u00e9lectorale engag\u00e9e, les \u00e9l\u00e8ves de CE1-CE2 de la classe de Mme Raveneau ont v\u00e9cu les \u00e9lections de d\u00e9l\u00e9gu\u00e9s comme au <\/em><\/h3>\n<h3><em>bureau de vote ce lundi 25 septembre 2023.<\/em><\/h3>\n<h3><strong>Les candidats ont men\u00e9 campagne :<\/strong><\/h3>\n<p><img loading=\"lazy\" decoding=\"async\" class=\"alignnone size-full wp-image-5086\" src=\"http:\/\/www.ecole-stjeannotredame.fr\/wp-content\/uploads\/2023\/10\/IMG-1806-scaled.jpg\" alt=\"\" width=\"2560\" height=\"1920\" srcset=\"http:\/\/www.ecole-stjeannotredame.fr\/wp-content\/uploads\/2023\/10\/IMG-1806-scaled.jpg 2560w, http:\/\/www.ecole-stjeannotredame.fr\/wp-content\/uploads\/2023\/10\/IMG-1806-1280x960.jpg 1280w, http:\/\/www.ecole-stjeannotredame.fr\/wp-content\/uploads\/2023\/10\/IMG-1806-980x735.jpg 980w, http:\/\/www.ecole-stjeannotredame.fr\/wp-content\/uploads\/2023\/10\/IMG-1806-480x360.jpg 480w\" sizes=\"auto, (min-width: 0px) and (max-width: 480px) 480px, (min-width: 481px) and (max-width: 980px) 980px, (min-width: 981px) and (max-width: 1280px) 1280px, (min-width: 1281px) 2560px, 100vw\" \/><\/p>\n<h3><strong>Les \u00e9lecteurs se sont d\u00e9plac\u00e9s au bureau de vote :\u00a0<\/strong><\/h3>\n<h3><img loading=\"lazy\" decoding=\"async\" class=\"alignnone size-full wp-image-5088\" src=\"http:\/\/www.ecole-stjeannotredame.fr\/wp-content\/uploads\/2023\/10\/IMG-1841-scaled.jpg\" alt=\"\" width=\"1920\" height=\"2560\" srcset=\"http:\/\/www.ecole-stjeannotredame.fr\/wp-content\/uploads\/2023\/10\/IMG-1841-scaled.jpg 1920w, http:\/\/www.ecole-stjeannotredame.fr\/wp-content\/uploads\/2023\/10\/IMG-1841-1280x1707.jpg 1280w, http:\/\/www.ecole-stjeannotredame.fr\/wp-content\/uploads\/2023\/10\/IMG-1841-980x1307.jpg 980w, http:\/\/www.ecole-stjeannotredame.fr\/wp-content\/uploads\/2023\/10\/IMG-1841-480x640.jpg 480w\" sizes=\"auto, (min-width: 0px) and (max-width: 480px) 480px, (min-width: 481px) and (max-width: 980px) 980px, (min-width: 981px) and (max-width: 1280px) 1280px, (min-width: 1281px) 1920px, 100vw\" \/> <img loading=\"lazy\" decoding=\"async\" class=\"alignnone size-full wp-image-5089\" src=\"http:\/\/www.ecole-stjeannotredame.fr\/wp-content\/uploads\/2023\/10\/IMG-1837-scaled.jpg\" alt=\"\" width=\"1920\" height=\"2560\" srcset=\"http:\/\/www.ecole-stjeannotredame.fr\/wp-content\/uploads\/2023\/10\/IMG-1837-scaled.jpg 1920w, http:\/\/www.ecole-stjeannotredame.fr\/wp-content\/uploads\/2023\/10\/IMG-1837-1280x1707.jpg 1280w, http:\/\/www.ecole-stjeannotredame.fr\/wp-content\/uploads\/2023\/10\/IMG-1837-980x1307.jpg 980w, http:\/\/www.ecole-stjeannotredame.fr\/wp-content\/uploads\/2023\/10\/IMG-1837-480x640.jpg 480w\" sizes=\"auto, (min-width: 0px) and (max-width: 480px) 480px, (min-width: 481px) and (max-width: 980px) 980px, (min-width: 981px) and (max-width: 1280px) 1280px, (min-width: 1281px) 1920px, 100vw\" \/> <img loading=\"lazy\" decoding=\"async\" class=\"alignnone size-full wp-image-5090\" src=\"http:\/\/www.ecole-stjeannotredame.fr\/wp-content\/uploads\/2023\/10\/IMG-1833-scaled.jpg\" alt=\"\" width=\"1920\" height=\"2560\" srcset=\"http:\/\/www.ecole-stjeannotredame.fr\/wp-content\/uploads\/2023\/10\/IMG-1833-scaled.jpg 1920w, http:\/\/www.ecole-stjeannotredame.fr\/wp-content\/uploads\/2023\/10\/IMG-1833-1280x1707.jpg 1280w, http:\/\/www.ecole-stjeannotredame.fr\/wp-content\/uploads\/2023\/10\/IMG-1833-980x1307.jpg 980w, http:\/\/www.ecole-stjeannotredame.fr\/wp-content\/uploads\/2023\/10\/IMG-1833-480x640.jpg 480w\" sizes=\"auto, (min-width: 0px) and (max-width: 480px) 480px, (min-width: 481px) and (max-width: 980px) 980px, (min-width: 981px) and (max-width: 1280px) 1280px, (min-width: 1281px) 1920px, 100vw\" \/> <img loading=\"lazy\" decoding=\"async\" class=\"alignnone size-full wp-image-5091\" src=\"http:\/\/www.ecole-stjeannotredame.fr\/wp-content\/uploads\/2023\/10\/IMG-1832-scaled.jpg\" alt=\"\" width=\"1920\" height=\"2560\" srcset=\"http:\/\/www.ecole-stjeannotredame.fr\/wp-content\/uploads\/2023\/10\/IMG-1832-scaled.jpg 1920w, http:\/\/www.ecole-stjeannotredame.fr\/wp-content\/uploads\/2023\/10\/IMG-1832-1280x1707.jpg 1280w, http:\/\/www.ecole-stjeannotredame.fr\/wp-content\/uploads\/2023\/10\/IMG-1832-980x1307.jpg 980w, http:\/\/www.ecole-stjeannotredame.fr\/wp-content\/uploads\/2023\/10\/IMG-1832-480x640.jpg 480w\" sizes=\"auto, (min-width: 0px) and (max-width: 480px) 480px, (min-width: 481px) and (max-width: 980px) 980px, (min-width: 981px) and (max-width: 1280px) 1280px, (min-width: 1281px) 1920px, 100vw\" \/> <img loading=\"lazy\" decoding=\"async\" class=\"alignnone size-full wp-image-5092\" src=\"http:\/\/www.ecole-stjeannotredame.fr\/wp-content\/uploads\/2023\/10\/IMG-1830-scaled.jpg\" alt=\"\" width=\"2560\" height=\"1920\" srcset=\"http:\/\/www.ecole-stjeannotredame.fr\/wp-content\/uploads\/2023\/10\/IMG-1830-scaled.jpg 2560w, http:\/\/www.ecole-stjeannotredame.fr\/wp-content\/uploads\/2023\/10\/IMG-1830-1280x960.jpg 1280w, http:\/\/www.ecole-stjeannotredame.fr\/wp-content\/uploads\/2023\/10\/IMG-1830-980x735.jpg 980w, http:\/\/www.ecole-stjeannotredame.fr\/wp-content\/uploads\/2023\/10\/IMG-1830-480x360.jpg 480w\" sizes=\"auto, (min-width: 0px) and (max-width: 480px) 480px, (min-width: 481px) and (max-width: 980px) 980px, (min-width: 981px) and (max-width: 1280px) 1280px, (min-width: 1281px) 2560px, 100vw\" \/> <img loading=\"lazy\" decoding=\"async\" class=\"alignnone size-full wp-image-5093\" src=\"http:\/\/www.ecole-stjeannotredame.fr\/wp-content\/uploads\/2023\/10\/IMG-1826-scaled.jpg\" alt=\"\" width=\"1920\" height=\"2560\" srcset=\"http:\/\/www.ecole-stjeannotredame.fr\/wp-content\/uploads\/2023\/10\/IMG-1826-scaled.jpg 1920w, http:\/\/www.ecole-stjeannotredame.fr\/wp-content\/uploads\/2023\/10\/IMG-1826-1280x1707.jpg 1280w, http:\/\/www.ecole-stjeannotredame.fr\/wp-content\/uploads\/2023\/10\/IMG-1826-980x1307.jpg 980w, http:\/\/www.ecole-stjeannotredame.fr\/wp-content\/uploads\/2023\/10\/IMG-1826-480x640.jpg 480w\" sizes=\"auto, (min-width: 0px) and (max-width: 480px) 480px, (min-width: 481px) and (max-width: 980px) 980px, (min-width: 981px) and (max-width: 1280px) 1280px, (min-width: 1281px) 1920px, 100vw\" \/> <strong>Et enfin, tout le monde a assist\u00e9 au d\u00e9pouillement :<\/strong><\/h3>\n<p><img loading=\"lazy\" decoding=\"async\" class=\"alignnone size-full wp-image-5087\" src=\"http:\/\/www.ecole-stjeannotredame.fr\/wp-content\/uploads\/2023\/10\/IMG-1844-scaled.jpg\" alt=\"\" width=\"1920\" height=\"2560\" srcset=\"http:\/\/www.ecole-stjeannotredame.fr\/wp-content\/uploads\/2023\/10\/IMG-1844-scaled.jpg 1920w, http:\/\/www.ecole-stjeannotredame.fr\/wp-content\/uploads\/2023\/10\/IMG-1844-1280x1707.jpg 1280w, http:\/\/www.ecole-stjeannotredame.fr\/wp-content\/uploads\/2023\/10\/IMG-1844-980x1307.jpg 980w, http:\/\/www.ecole-stjeannotredame.fr\/wp-content\/uploads\/2023\/10\/IMG-1844-480x640.jpg 480w\" sizes=\"auto, (min-width: 0px) and (max-width: 480px) 480px, (min-width: 481px) and (max-width: 980px) 980px, (min-width: 981px) and (max-width: 1280px) 1280px, (min-width: 1281px) 1920px, 100vw\" \/><\/p>\n<h3><strong>Un grand bravo \u00e0 nos d\u00e9l\u00e9gu\u00e9s,\u00a0 El\u00e9ine et\u00a0 Jean et aux suppl\u00e9ants Aiden et Giulia !<\/strong><\/h3>\n<p style=\"text-align: center;\"><span style=\"color: #000000;\"><strong>Les \u00e9lections des d\u00e9l\u00e9gu\u00e9s et suppl\u00e9ants se sont d\u00e9roul\u00e9es dans les 7 classes du CP au CM2. <\/strong><\/span><\/p>\n<p style=\"text-align: center;\"><span style=\"color: #000000;\"><strong>Ils auront plaisir \u00e0 se retrouver plusieurs fois dans l&rsquo;ann\u00e9e<\/strong><\/span><\/p>\n<p style=\"text-align: center;\"><span style=\"color: #000000;\"><strong> avec quelques professeurs pour travailler ensemble.<\/strong><\/span><\/p>\n","protected":false},"excerpt":{"rendered":"<p>Apr\u00e8s une campagne \u00e9lectorale engag\u00e9e, les \u00e9l\u00e8ves de CE1-CE2 de la classe de Mme Raveneau ont v\u00e9cu les \u00e9lections de d\u00e9l\u00e9gu\u00e9s comme au bureau de vote ce lundi 25 septembre 2023. Les candidats ont men\u00e9 campagne : Les \u00e9lecteurs se sont d\u00e9plac\u00e9s au bureau de vote :\u00a0 Et enfin, tout le monde a assist\u00e9 au [&hellip;]<\/p>\n","protected":false},"author":13,"featured_media":5089,"comment_status":"closed","ping_status":"open","sticky":false,"template":"","format":"standard","meta":{"_et_pb_use_builder":"","_et_pb_old_content":"","_et_gb_content_width":"","footnotes":""},"categories":[1],"tags":[],"class_list":["post-5085","post","type-post","status-publish","format-standard","has-post-thumbnail","hentry","category-non-classe"],"_links":{"self":[{"href":"https:\/\/www.ecole-stjeannotredame.fr\/index.php\/wp-json\/wp\/v2\/posts\/5085","targetHints":{"allow":["GET"]}}],"collection":[{"href":"https:\/\/www.ecole-stjeannotredame.fr\/index.php\/wp-json\/wp\/v2\/posts"}],"about":[{"href":"https:\/\/www.ecole-stjeannotredame.fr\/index.php\/wp-json\/wp\/v2\/types\/post"}],"author":[{"embeddable":true,"href":"https:\/\/www.ecole-stjeannotredame.fr\/index.php\/wp-json\/wp\/v2\/users\/13"}],"replies":[{"embeddable":true,"href":"https:\/\/www.ecole-stjeannotredame.fr\/index.php\/wp-json\/wp\/v2\/comments?post=5085"}],"version-history":[{"count":3,"href":"https:\/\/www.ecole-stjeannotredame.fr\/index.php\/wp-json\/wp\/v2\/posts\/5085\/revisions"}],"predecessor-version":[{"id":5121,"href":"https:\/\/www.ecole-stjeannotredame.fr\/index.php\/wp-json\/wp\/v2\/posts\/5085\/revisions\/5121"}],"wp:featuredmedia":[{"embeddable":true,"href":"https:\/\/www.ecole-stjeannotredame.fr\/index.php\/wp-json\/wp\/v2\/media\/5089"}],"wp:attachment":[{"href":"https:\/\/www.ecole-stjeannotredame.fr\/index.php\/wp-json\/wp\/v2\/media?parent=5085"}],"wp:term":[{"taxonomy":"category","embeddable":true,"href":"https:\/\/www.ecole-stjeannotredame.fr\/index.php\/wp-json\/wp\/v2\/categories?post=5085"},{"taxonomy":"post_tag","embeddable":true,"href":"https:\/\/www.ecole-stjeannotredame.fr\/index.php\/wp-json\/wp\/v2\/tags?post=5085"}],"curies":[{"name":"wp","href":"https:\/\/api.w.org\/{rel}","templated":true}]}}