{"id":5099,"date":"2023-10-03T10:03:22","date_gmt":"2023-10-03T08:03:22","guid":{"rendered":"https:\/\/www.ecole-stjeannotredame.fr\/?p=5099"},"modified":"2023-10-03T10:03:22","modified_gmt":"2023-10-03T08:03:22","slug":"la-benediction-des-cartables","status":"publish","type":"post","link":"https:\/\/www.ecole-stjeannotredame.fr\/index.php\/2023\/10\/03\/la-benediction-des-cartables\/","title":{"rendered":"La b\u00e9n\u00e9diction des cartables"},"content":{"rendered":"<p><strong><span style=\"color: #0000ff;\">Le dimanche 24 septembre 2023, les enfants se sont retrouv\u00e9s \u00e0 l&rsquo;\u00e9glise Notre Dame des Marais pour faire b\u00e9nir leur cartable. Ce geste montre que Dieu s&rsquo;int\u00e9resse \u00e0 toute la vie de l&rsquo;enfant, il l&rsquo;accompagne m\u00eame \u00e0 l&rsquo;\u00e9cole.<\/span><\/strong><\/p>\n<p><strong><span style=\"color: #0000ff;\"><img loading=\"lazy\" decoding=\"async\" class=\"alignnone size-medium wp-image-5100\" src=\"http:\/\/www.ecole-stjeannotredame.fr\/wp-content\/uploads\/2023\/10\/1696255810115-225x300.jpg\" alt=\"\" width=\"225\" height=\"300\" \/> <img loading=\"lazy\" decoding=\"async\" class=\"wp-image-5101 alignleft\" src=\"http:\/\/www.ecole-stjeannotredame.fr\/wp-content\/uploads\/2023\/10\/1696255810133-300x225.jpg\" alt=\"\" width=\"401\" height=\"301\" \/> <img loading=\"lazy\" decoding=\"async\" class=\"alignnone size-medium wp-image-5102\" src=\"http:\/\/www.ecole-stjeannotredame.fr\/wp-content\/uploads\/2023\/10\/1696255810168-300x225.jpg\" alt=\"\" width=\"300\" height=\"225\" \/>\u00a0 <img loading=\"lazy\" decoding=\"async\" class=\"alignnone size-medium wp-image-5104\" src=\"http:\/\/www.ecole-stjeannotredame.fr\/wp-content\/uploads\/2023\/10\/1696255810149-300x225.jpg\" alt=\"\" width=\"300\" height=\"225\" \/><\/span> <\/strong><\/p>\n<p style=\"text-align: center;\"><strong><span style=\"color: #00ccff;\">Seigneur, en ce d\u00e9but d&rsquo;ann\u00e9e scolaire, b\u00e9nis-moi pour que je travaille avec courage et dans la joie.<\/span><\/strong><\/p>\n<p style=\"text-align: center;\"><strong><span style=\"color: #00ccff;\">B\u00e9nis mon cartable pour que je me rappelle que tu es \u00e0 mes c\u00f4t\u00e9s chaque jour.<\/span><\/strong><\/p>\n<p style=\"text-align: center;\"><strong><span style=\"color: #00ccff;\">Toi qui m&rsquo;as donn\u00e9 un coeur pour aimer, aide-moi \u00e0 rendre la vie plus belle.<\/span> <\/strong><\/p>\n","protected":false},"excerpt":{"rendered":"<p>Le dimanche 24 septembre 2023, les enfants se sont retrouv\u00e9s \u00e0 l&rsquo;\u00e9glise Notre Dame des Marais pour faire b\u00e9nir leur cartable. Ce geste montre que Dieu s&rsquo;int\u00e9resse \u00e0 toute la vie de l&rsquo;enfant, il l&rsquo;accompagne m\u00eame \u00e0 l&rsquo;\u00e9cole. \u00a0 Seigneur, en ce d\u00e9but d&rsquo;ann\u00e9e scolaire, b\u00e9nis-moi pour que je travaille avec courage et dans la [&hellip;]<\/p>\n","protected":false},"author":20,"featured_media":5103,"comment_status":"closed","ping_status":"open","sticky":false,"template":"","format":"standard","meta":{"_et_pb_use_builder":"","_et_pb_old_content":"","_et_gb_content_width":"","footnotes":""},"categories":[1],"tags":[],"class_list":["post-5099","post","type-post","status-publish","format-standard","has-post-thumbnail","hentry","category-non-classe"],"_links":{"self":[{"href":"https:\/\/www.ecole-stjeannotredame.fr\/index.php\/wp-json\/wp\/v2\/posts\/5099","targetHints":{"allow":["GET"]}}],"collection":[{"href":"https:\/\/www.ecole-stjeannotredame.fr\/index.php\/wp-json\/wp\/v2\/posts"}],"about":[{"href":"https:\/\/www.ecole-stjeannotredame.fr\/index.php\/wp-json\/wp\/v2\/types\/post"}],"author":[{"embeddable":true,"href":"https:\/\/www.ecole-stjeannotredame.fr\/index.php\/wp-json\/wp\/v2\/users\/20"}],"replies":[{"embeddable":true,"href":"https:\/\/www.ecole-stjeannotredame.fr\/index.php\/wp-json\/wp\/v2\/comments?post=5099"}],"version-history":[{"count":1,"href":"https:\/\/www.ecole-stjeannotredame.fr\/index.php\/wp-json\/wp\/v2\/posts\/5099\/revisions"}],"predecessor-version":[{"id":5105,"href":"https:\/\/www.ecole-stjeannotredame.fr\/index.php\/wp-json\/wp\/v2\/posts\/5099\/revisions\/5105"}],"wp:featuredmedia":[{"embeddable":true,"href":"https:\/\/www.ecole-stjeannotredame.fr\/index.php\/wp-json\/wp\/v2\/media\/5103"}],"wp:attachment":[{"href":"https:\/\/www.ecole-stjeannotredame.fr\/index.php\/wp-json\/wp\/v2\/media?parent=5099"}],"wp:term":[{"taxonomy":"category","embeddable":true,"href":"https:\/\/www.ecole-stjeannotredame.fr\/index.php\/wp-json\/wp\/v2\/categories?post=5099"},{"taxonomy":"post_tag","embeddable":true,"href":"https:\/\/www.ecole-stjeannotredame.fr\/index.php\/wp-json\/wp\/v2\/tags?post=5099"}],"curies":[{"name":"wp","href":"https:\/\/api.w.org\/{rel}","templated":true}]}}