{"id":5186,"date":"2023-11-12T16:22:26","date_gmt":"2023-11-12T15:22:26","guid":{"rendered":"https:\/\/www.ecole-stjeannotredame.fr\/?p=5186"},"modified":"2023-11-12T16:22:26","modified_gmt":"2023-11-12T15:22:26","slug":"lucie-becuwe","status":"publish","type":"post","link":"https:\/\/www.ecole-stjeannotredame.fr\/index.php\/2023\/11\/12\/lucie-becuwe\/","title":{"rendered":"Lucie BECUWE"},"content":{"rendered":"<p><span style=\"color: #000080;\"><strong>L&rsquo;ouverture culturelle est essentielle pour le d\u00e9veloppement personnel.C&rsquo;est pourquoi plusieurs classes iront voir l&rsquo;exposition de Lucie BECUWE au centre culturel de La Laverie. <\/strong><\/span><\/p>\n<p><span style=\"color: #000080;\"><strong>Ce sont les CM2 de la classe de Mme Guiton qui y sont all\u00e9s le vendredi 1O novembre 2023.<\/strong><\/span><\/p>\n<p><span style=\"color: #000080;\"><strong>Lucie Becuwe travaille la terre avec passion. Au cours de notre visite nous avons d\u00e9couvert \u00e0 la fois des objets utilitaires comme des th\u00e9i\u00e8res et des bols par\u00e9s de toutes sortes d&rsquo;animaux, ou bien des toits avec les tuiles chati\u00e8res et les \u00e9pis de fa\u00eetages orn\u00e9s.<img loading=\"lazy\" decoding=\"async\" class=\"alignnone size-medium wp-image-5190\" src=\"http:\/\/www.ecole-stjeannotredame.fr\/wp-content\/uploads\/2023\/11\/1699801052212-225x300.jpg\" alt=\"\" width=\"225\" height=\"300\" \/><\/strong><\/span><\/p>\n<p style=\"text-align: center;\"><strong><img loading=\"lazy\" decoding=\"async\" class=\"alignnone size-medium wp-image-5189\" src=\"http:\/\/www.ecole-stjeannotredame.fr\/wp-content\/uploads\/2023\/11\/1699801052198-225x300.jpg\" alt=\"\" width=\"225\" height=\"300\" \/><img loading=\"lazy\" decoding=\"async\" class=\"alignnone size-medium wp-image-5194\" src=\"http:\/\/www.ecole-stjeannotredame.fr\/wp-content\/uploads\/2023\/11\/1699801087875-300x225.jpg\" alt=\"\" width=\"300\" height=\"225\" \/><\/strong><\/p>\n<p>&nbsp;<\/p>\n<p>&nbsp;<\/p>\n<p><strong>Elle varie les empreintes ! marques d&rsquo;\u00e9pis de ma\u00efs, d&rsquo;\u00e9corces, de graines,<\/strong><\/p>\n<p style=\"text-align: center;\"><span style=\"color: #000080;\"><img loading=\"lazy\" decoding=\"async\" class=\"alignnone size-medium wp-image-5187\" src=\"http:\/\/www.ecole-stjeannotredame.fr\/wp-content\/uploads\/2023\/11\/1699801052171-300x225.jpg\" alt=\"\" width=\"300\" height=\"225\" \/> <img loading=\"lazy\" decoding=\"async\" class=\"alignnone size-medium wp-image-5188\" src=\"http:\/\/www.ecole-stjeannotredame.fr\/wp-content\/uploads\/2023\/11\/1699801052185-225x300.jpg\" alt=\"\" width=\"225\" height=\"300\" \/>\u00a0\u00a0 <img loading=\"lazy\" decoding=\"async\" class=\"alignnone size-medium wp-image-5191\" src=\"http:\/\/www.ecole-stjeannotredame.fr\/wp-content\/uploads\/2023\/11\/1699801087825-300x225.jpg\" alt=\"\" width=\"300\" height=\"225\" \/> <img loading=\"lazy\" decoding=\"async\" class=\"alignnone size-medium wp-image-5192\" src=\"http:\/\/www.ecole-stjeannotredame.fr\/wp-content\/uploads\/2023\/11\/1699801087843-300x225.jpg\" alt=\"\" width=\"300\" height=\"225\" \/> <img loading=\"lazy\" decoding=\"async\" class=\"alignnone size-medium wp-image-5193\" src=\"http:\/\/www.ecole-stjeannotredame.fr\/wp-content\/uploads\/2023\/11\/1699801087860-225x300.jpg\" alt=\"\" width=\"225\" height=\"300\" \/>\u00a0 <img loading=\"lazy\" decoding=\"async\" class=\"alignnone size-medium wp-image-5195\" src=\"http:\/\/www.ecole-stjeannotredame.fr\/wp-content\/uploads\/2023\/11\/1699801127615-300x225.jpg\" alt=\"\" width=\"300\" height=\"225\" \/>\u00a0 <img loading=\"lazy\" decoding=\"async\" class=\"alignnone size-medium wp-image-5197\" src=\"http:\/\/www.ecole-stjeannotredame.fr\/wp-content\/uploads\/2023\/11\/1699801127646-225x300.jpg\" alt=\"\" width=\"225\" height=\"300\" \/> <img loading=\"lazy\" decoding=\"async\" class=\"alignnone size-medium wp-image-5198\" src=\"http:\/\/www.ecole-stjeannotredame.fr\/wp-content\/uploads\/2023\/11\/1699801127663-300x225.jpg\" alt=\"\" width=\"300\" height=\"225\" \/> <img loading=\"lazy\" decoding=\"async\" class=\"alignnone size-medium wp-image-5199\" src=\"http:\/\/www.ecole-stjeannotredame.fr\/wp-content\/uploads\/2023\/11\/1699801151872-225x300.jpg\" alt=\"\" width=\"225\" height=\"300\" \/>\u00a0 <img loading=\"lazy\" decoding=\"async\" class=\"alignnone size-medium wp-image-5201\" src=\"http:\/\/www.ecole-stjeannotredame.fr\/wp-content\/uploads\/2023\/11\/1699801151903-225x300.jpg\" alt=\"\" width=\"225\" height=\"300\" \/>\u00a0\u00a0\u00a0\u00a0 de pommes de pin ou bien encore des coquillages.\u00a0 <img loading=\"lazy\" decoding=\"async\" class=\"alignnone size-medium wp-image-5196\" src=\"http:\/\/www.ecole-stjeannotredame.fr\/wp-content\/uploads\/2023\/11\/1699801127633-300x225.jpg\" alt=\"\" width=\"300\" height=\"225\" \/><\/span><\/p>\n<p>&nbsp;<\/p>\n","protected":false},"excerpt":{"rendered":"<p>L&rsquo;ouverture culturelle est essentielle pour le d\u00e9veloppement personnel.C&rsquo;est pourquoi plusieurs classes iront voir l&rsquo;exposition de Lucie BECUWE au centre culturel de La Laverie. Ce sont les CM2 de la classe de Mme Guiton qui y sont all\u00e9s le vendredi 1O novembre 2023. Lucie Becuwe travaille la terre avec passion. Au cours de notre visite nous [&hellip;]<\/p>\n","protected":false},"author":20,"featured_media":5200,"comment_status":"closed","ping_status":"open","sticky":false,"template":"","format":"standard","meta":{"_et_pb_use_builder":"","_et_pb_old_content":"","_et_gb_content_width":"","footnotes":""},"categories":[1],"tags":[],"class_list":["post-5186","post","type-post","status-publish","format-standard","has-post-thumbnail","hentry","category-non-classe"],"_links":{"self":[{"href":"https:\/\/www.ecole-stjeannotredame.fr\/index.php\/wp-json\/wp\/v2\/posts\/5186","targetHints":{"allow":["GET"]}}],"collection":[{"href":"https:\/\/www.ecole-stjeannotredame.fr\/index.php\/wp-json\/wp\/v2\/posts"}],"about":[{"href":"https:\/\/www.ecole-stjeannotredame.fr\/index.php\/wp-json\/wp\/v2\/types\/post"}],"author":[{"embeddable":true,"href":"https:\/\/www.ecole-stjeannotredame.fr\/index.php\/wp-json\/wp\/v2\/users\/20"}],"replies":[{"embeddable":true,"href":"https:\/\/www.ecole-stjeannotredame.fr\/index.php\/wp-json\/wp\/v2\/comments?post=5186"}],"version-history":[{"count":1,"href":"https:\/\/www.ecole-stjeannotredame.fr\/index.php\/wp-json\/wp\/v2\/posts\/5186\/revisions"}],"predecessor-version":[{"id":5206,"href":"https:\/\/www.ecole-stjeannotredame.fr\/index.php\/wp-json\/wp\/v2\/posts\/5186\/revisions\/5206"}],"wp:featuredmedia":[{"embeddable":true,"href":"https:\/\/www.ecole-stjeannotredame.fr\/index.php\/wp-json\/wp\/v2\/media\/5200"}],"wp:attachment":[{"href":"https:\/\/www.ecole-stjeannotredame.fr\/index.php\/wp-json\/wp\/v2\/media?parent=5186"}],"wp:term":[{"taxonomy":"category","embeddable":true,"href":"https:\/\/www.ecole-stjeannotredame.fr\/index.php\/wp-json\/wp\/v2\/categories?post=5186"},{"taxonomy":"post_tag","embeddable":true,"href":"https:\/\/www.ecole-stjeannotredame.fr\/index.php\/wp-json\/wp\/v2\/tags?post=5186"}],"curies":[{"name":"wp","href":"https:\/\/api.w.org\/{rel}","templated":true}]}}