{"id":5218,"date":"2023-11-16T13:25:43","date_gmt":"2023-11-16T12:25:43","guid":{"rendered":"http:\/\/www.ecole-stjeannotredame.fr\/?p=5218"},"modified":"2023-11-16T13:25:43","modified_gmt":"2023-11-16T12:25:43","slug":"les-ce1-ce2-au-cinema","status":"publish","type":"post","link":"https:\/\/www.ecole-stjeannotredame.fr\/index.php\/2023\/11\/16\/les-ce1-ce2-au-cinema\/","title":{"rendered":"Les CE1-CE2 au cin\u00e9ma"},"content":{"rendered":"<h3>Lundi 13 novembre, les \u00e9l\u00e8ves de CE1-CE2 de Mme Gondard et Mme Raveneau se sont rendus au cin\u00e9ma de la Fert\u00e9-Bernard pour visionner le<\/h3>\n<h3>premier film du dispositif Ecole et cin\u00e9ma : <strong>Le Kid de Charlie Chaplin.<\/strong><\/h3>\n<h3>Les enfants ont vraiment appr\u00e9ci\u00e9 ce film.<\/h3>\n<p><img loading=\"lazy\" decoding=\"async\" class=\"alignnone size-full wp-image-5219\" src=\"http:\/\/www.ecole-stjeannotredame.fr\/wp-content\/uploads\/2023\/11\/le-kid.jpg\" alt=\"\" width=\"225\" height=\"225\" srcset=\"https:\/\/www.ecole-stjeannotredame.fr\/wp-content\/uploads\/2023\/11\/le-kid.jpg 225w, https:\/\/www.ecole-stjeannotredame.fr\/wp-content\/uploads\/2023\/11\/le-kid-150x150.jpg 150w\" sizes=\"auto, (max-width: 225px) 100vw, 225px\" \/><\/p>\n","protected":false},"excerpt":{"rendered":"<p>Lundi 13 novembre, les \u00e9l\u00e8ves de CE1-CE2 de Mme Gondard et Mme Raveneau se sont rendus au cin\u00e9ma de la Fert\u00e9-Bernard pour visionner le premier film du dispositif Ecole et cin\u00e9ma : Le Kid de Charlie Chaplin. Les enfants ont vraiment appr\u00e9ci\u00e9 ce film.<\/p>\n","protected":false},"author":13,"featured_media":5219,"comment_status":"closed","ping_status":"open","sticky":false,"template":"","format":"standard","meta":{"_et_pb_use_builder":"","_et_pb_old_content":"","_et_gb_content_width":"","footnotes":""},"categories":[1],"tags":[],"class_list":["post-5218","post","type-post","status-publish","format-standard","has-post-thumbnail","hentry","category-non-classe"],"_links":{"self":[{"href":"https:\/\/www.ecole-stjeannotredame.fr\/index.php\/wp-json\/wp\/v2\/posts\/5218","targetHints":{"allow":["GET"]}}],"collection":[{"href":"https:\/\/www.ecole-stjeannotredame.fr\/index.php\/wp-json\/wp\/v2\/posts"}],"about":[{"href":"https:\/\/www.ecole-stjeannotredame.fr\/index.php\/wp-json\/wp\/v2\/types\/post"}],"author":[{"embeddable":true,"href":"https:\/\/www.ecole-stjeannotredame.fr\/index.php\/wp-json\/wp\/v2\/users\/13"}],"replies":[{"embeddable":true,"href":"https:\/\/www.ecole-stjeannotredame.fr\/index.php\/wp-json\/wp\/v2\/comments?post=5218"}],"version-history":[{"count":1,"href":"https:\/\/www.ecole-stjeannotredame.fr\/index.php\/wp-json\/wp\/v2\/posts\/5218\/revisions"}],"predecessor-version":[{"id":5220,"href":"https:\/\/www.ecole-stjeannotredame.fr\/index.php\/wp-json\/wp\/v2\/posts\/5218\/revisions\/5220"}],"wp:featuredmedia":[{"embeddable":true,"href":"https:\/\/www.ecole-stjeannotredame.fr\/index.php\/wp-json\/wp\/v2\/media\/5219"}],"wp:attachment":[{"href":"https:\/\/www.ecole-stjeannotredame.fr\/index.php\/wp-json\/wp\/v2\/media?parent=5218"}],"wp:term":[{"taxonomy":"category","embeddable":true,"href":"https:\/\/www.ecole-stjeannotredame.fr\/index.php\/wp-json\/wp\/v2\/categories?post=5218"},{"taxonomy":"post_tag","embeddable":true,"href":"https:\/\/www.ecole-stjeannotredame.fr\/index.php\/wp-json\/wp\/v2\/tags?post=5218"}],"curies":[{"name":"wp","href":"https:\/\/api.w.org\/{rel}","templated":true}]}}