{"id":5359,"date":"2023-12-22T17:04:04","date_gmt":"2023-12-22T16:04:04","guid":{"rendered":"https:\/\/www.ecole-stjeannotredame.fr\/?p=5359"},"modified":"2023-12-22T17:06:12","modified_gmt":"2023-12-22T16:06:12","slug":"celebration-de-noel-vendredi-22-decembre-2023","status":"publish","type":"post","link":"https:\/\/www.ecole-stjeannotredame.fr\/index.php\/2023\/12\/22\/celebration-de-noel-vendredi-22-decembre-2023\/","title":{"rendered":"C\u00e9l\u00e9bration de No\u00ebl vendredi 22 d\u00e9cembre 2023"},"content":{"rendered":"<p><strong><span style=\"color: #339966;\">Ce vendredi 22 d\u00e9cembre, trois c\u00e9l\u00e9brations r\u00e9unissant les enfants de classes diff\u00e9rentes se sont retrouv\u00e9es pour pr\u00e9parer son coeur \u00e0 la venue de No\u00ebl.<\/span><\/strong><\/p>\n<p><strong><span style=\"color: #339966;\">Lecture de l&rsquo;Evangile, fabrication de cadeaux pour mettre en mots, en gestes et en phrases la <span style=\"color: #3366ff;\">PAIX<\/span> tout en chantant haut et fort \u00ab\u00a0Osons AIMER\u00a0\u00bb\u00a0 <img loading=\"lazy\" decoding=\"async\" class=\"alignnone size-medium wp-image-5360\" src=\"http:\/\/www.ecole-stjeannotredame.fr\/wp-content\/uploads\/2023\/12\/IMG-20231222-WA0000-300x169.jpg\" alt=\"\" width=\"300\" height=\"169\" \/> <img loading=\"lazy\" decoding=\"async\" class=\"alignnone size-medium wp-image-5361\" src=\"http:\/\/www.ecole-stjeannotredame.fr\/wp-content\/uploads\/2023\/12\/IMG-20231222-WA0001-300x169.jpg\" alt=\"\" width=\"300\" height=\"169\" \/> <img loading=\"lazy\" decoding=\"async\" class=\"alignnone size-medium wp-image-5362\" src=\"http:\/\/www.ecole-stjeannotredame.fr\/wp-content\/uploads\/2023\/12\/IMG-20231222-WA0002-300x169.jpg\" alt=\"\" width=\"300\" height=\"169\" \/><\/span><\/strong><\/p>\n","protected":false},"excerpt":{"rendered":"<p>Ce vendredi 22 d\u00e9cembre, trois c\u00e9l\u00e9brations r\u00e9unissant les enfants de classes diff\u00e9rentes se sont retrouv\u00e9es pour pr\u00e9parer son coeur \u00e0 la venue de No\u00ebl. Lecture de l&rsquo;Evangile, fabrication de cadeaux pour mettre en mots, en gestes et en phrases la PAIX tout en chantant haut et fort \u00ab\u00a0Osons AIMER\u00a0\u00bb\u00a0<\/p>\n","protected":false},"author":20,"featured_media":5361,"comment_status":"closed","ping_status":"open","sticky":false,"template":"","format":"standard","meta":{"_et_pb_use_builder":"","_et_pb_old_content":"","_et_gb_content_width":"","footnotes":""},"categories":[1],"tags":[],"class_list":["post-5359","post","type-post","status-publish","format-standard","has-post-thumbnail","hentry","category-non-classe"],"_links":{"self":[{"href":"https:\/\/www.ecole-stjeannotredame.fr\/index.php\/wp-json\/wp\/v2\/posts\/5359","targetHints":{"allow":["GET"]}}],"collection":[{"href":"https:\/\/www.ecole-stjeannotredame.fr\/index.php\/wp-json\/wp\/v2\/posts"}],"about":[{"href":"https:\/\/www.ecole-stjeannotredame.fr\/index.php\/wp-json\/wp\/v2\/types\/post"}],"author":[{"embeddable":true,"href":"https:\/\/www.ecole-stjeannotredame.fr\/index.php\/wp-json\/wp\/v2\/users\/20"}],"replies":[{"embeddable":true,"href":"https:\/\/www.ecole-stjeannotredame.fr\/index.php\/wp-json\/wp\/v2\/comments?post=5359"}],"version-history":[{"count":2,"href":"https:\/\/www.ecole-stjeannotredame.fr\/index.php\/wp-json\/wp\/v2\/posts\/5359\/revisions"}],"predecessor-version":[{"id":5364,"href":"https:\/\/www.ecole-stjeannotredame.fr\/index.php\/wp-json\/wp\/v2\/posts\/5359\/revisions\/5364"}],"wp:featuredmedia":[{"embeddable":true,"href":"https:\/\/www.ecole-stjeannotredame.fr\/index.php\/wp-json\/wp\/v2\/media\/5361"}],"wp:attachment":[{"href":"https:\/\/www.ecole-stjeannotredame.fr\/index.php\/wp-json\/wp\/v2\/media?parent=5359"}],"wp:term":[{"taxonomy":"category","embeddable":true,"href":"https:\/\/www.ecole-stjeannotredame.fr\/index.php\/wp-json\/wp\/v2\/categories?post=5359"},{"taxonomy":"post_tag","embeddable":true,"href":"https:\/\/www.ecole-stjeannotredame.fr\/index.php\/wp-json\/wp\/v2\/tags?post=5359"}],"curies":[{"name":"wp","href":"https:\/\/api.w.org\/{rel}","templated":true}]}}