{"id":6016,"date":"2024-12-11T13:19:07","date_gmt":"2024-12-11T12:19:07","guid":{"rendered":"https:\/\/www.ecole-stjeannotredame.fr\/?p=6016"},"modified":"2024-12-11T13:19:07","modified_gmt":"2024-12-11T12:19:07","slug":"les-eleves-de-cycle-2-au-cinema","status":"publish","type":"post","link":"https:\/\/www.ecole-stjeannotredame.fr\/index.php\/2024\/12\/11\/les-eleves-de-cycle-2-au-cinema\/","title":{"rendered":"Les \u00e9l\u00e8ves de cycle 2 au cin\u00e9ma"},"content":{"rendered":"<h3>Dans le cadre du dispositif Ecole et cin\u00e9ma, les \u00e9l\u00e8ves des classes de Mmes Vincent, Gondard et Raveneau se sont rendus au Palace ce mardi 10<\/h3>\n<h3>d\u00e9cembre pour visionner une s\u00e9rie de courts m\u00e9trages.<\/h3>\n<h3>Une occasion de sensibiliser les \u00e9l\u00e8ves \u00e0 diverses techniques d&rsquo;animation, mais \u00e9galement \u00e0 des th\u00e8mes difficiles trait\u00e9s avec d\u00e9licatesse.<\/h3>\n<h3>Dans\u00a0\u00bb Maman Pleut des cordes\u00a0\u00bb, Jeanne, huit ans, ne comprend pas pourquoi elle ne peut pas passer No\u00ebl avec sa maman.<\/h3>\n<h3>Celle-ci souffre de d\u00e9pression et\u00a0 doit en effet partir en maison de repos. L&rsquo;occasion pour Jeanne de re-d\u00e9couvrir M\u00e9m\u00e9 Oignon et son environnement<\/h3>\n<h3>du commun&#8230;.<\/h3>\n<h3>hors <img loading=\"lazy\" decoding=\"async\" class=\"alignnone size-full wp-image-6017\" src=\"http:\/\/www.ecole-stjeannotredame.fr\/wp-content\/uploads\/2024\/12\/1544960.jpg\" alt=\"\" width=\"1212\" height=\"1600\" srcset=\"http:\/\/www.ecole-stjeannotredame.fr\/wp-content\/uploads\/2024\/12\/1544960.jpg 1212w, http:\/\/www.ecole-stjeannotredame.fr\/wp-content\/uploads\/2024\/12\/1544960-980x1294.jpg 980w, http:\/\/www.ecole-stjeannotredame.fr\/wp-content\/uploads\/2024\/12\/1544960-480x634.jpg 480w\" sizes=\"auto, (min-width: 0px) and (max-width: 480px) 480px, (min-width: 481px) and (max-width: 980px) 980px, (min-width: 981px) 1212px, 100vw\" \/> <img loading=\"lazy\" decoding=\"async\" class=\"alignnone size-full wp-image-6018\" src=\"http:\/\/www.ecole-stjeannotredame.fr\/wp-content\/uploads\/2024\/12\/mpdc_wip04-749x421-1.jpg\" alt=\"\" width=\"749\" height=\"421\" srcset=\"http:\/\/www.ecole-stjeannotredame.fr\/wp-content\/uploads\/2024\/12\/mpdc_wip04-749x421-1.jpg 749w, http:\/\/www.ecole-stjeannotredame.fr\/wp-content\/uploads\/2024\/12\/mpdc_wip04-749x421-1-480x270.jpg 480w\" sizes=\"auto, (min-width: 0px) and (max-width: 480px) 480px, (min-width: 481px) 749px, 100vw\" \/><\/h3>\n","protected":false},"excerpt":{"rendered":"<p>Dans le cadre du dispositif Ecole et cin\u00e9ma, les \u00e9l\u00e8ves des classes de Mmes Vincent, Gondard et Raveneau se sont rendus au Palace ce mardi 10 d\u00e9cembre pour visionner une s\u00e9rie de courts m\u00e9trages. Une occasion de sensibiliser les \u00e9l\u00e8ves \u00e0 diverses techniques d&rsquo;animation, mais \u00e9galement \u00e0 des th\u00e8mes difficiles trait\u00e9s avec d\u00e9licatesse. Dans\u00a0\u00bb Maman [&hellip;]<\/p>\n","protected":false},"author":13,"featured_media":6017,"comment_status":"closed","ping_status":"open","sticky":false,"template":"","format":"standard","meta":{"_et_pb_use_builder":"","_et_pb_old_content":"","_et_gb_content_width":"","footnotes":""},"categories":[1],"tags":[],"class_list":["post-6016","post","type-post","status-publish","format-standard","has-post-thumbnail","hentry","category-non-classe"],"_links":{"self":[{"href":"https:\/\/www.ecole-stjeannotredame.fr\/index.php\/wp-json\/wp\/v2\/posts\/6016","targetHints":{"allow":["GET"]}}],"collection":[{"href":"https:\/\/www.ecole-stjeannotredame.fr\/index.php\/wp-json\/wp\/v2\/posts"}],"about":[{"href":"https:\/\/www.ecole-stjeannotredame.fr\/index.php\/wp-json\/wp\/v2\/types\/post"}],"author":[{"embeddable":true,"href":"https:\/\/www.ecole-stjeannotredame.fr\/index.php\/wp-json\/wp\/v2\/users\/13"}],"replies":[{"embeddable":true,"href":"https:\/\/www.ecole-stjeannotredame.fr\/index.php\/wp-json\/wp\/v2\/comments?post=6016"}],"version-history":[{"count":1,"href":"https:\/\/www.ecole-stjeannotredame.fr\/index.php\/wp-json\/wp\/v2\/posts\/6016\/revisions"}],"predecessor-version":[{"id":6019,"href":"https:\/\/www.ecole-stjeannotredame.fr\/index.php\/wp-json\/wp\/v2\/posts\/6016\/revisions\/6019"}],"wp:featuredmedia":[{"embeddable":true,"href":"https:\/\/www.ecole-stjeannotredame.fr\/index.php\/wp-json\/wp\/v2\/media\/6017"}],"wp:attachment":[{"href":"https:\/\/www.ecole-stjeannotredame.fr\/index.php\/wp-json\/wp\/v2\/media?parent=6016"}],"wp:term":[{"taxonomy":"category","embeddable":true,"href":"https:\/\/www.ecole-stjeannotredame.fr\/index.php\/wp-json\/wp\/v2\/categories?post=6016"},{"taxonomy":"post_tag","embeddable":true,"href":"https:\/\/www.ecole-stjeannotredame.fr\/index.php\/wp-json\/wp\/v2\/tags?post=6016"}],"curies":[{"name":"wp","href":"https:\/\/api.w.org\/{rel}","templated":true}]}}