{"id":6068,"date":"2025-02-08T09:45:41","date_gmt":"2025-02-08T08:45:41","guid":{"rendered":"https:\/\/www.ecole-stjeannotredame.fr\/?p=6068"},"modified":"2025-02-08T09:45:41","modified_gmt":"2025-02-08T08:45:41","slug":"un-petit-pas-pour-lhomme-des-jmj","status":"publish","type":"post","link":"https:\/\/www.ecole-stjeannotredame.fr\/index.php\/2025\/02\/08\/un-petit-pas-pour-lhomme-des-jmj\/","title":{"rendered":"Un petit pas pour l&rsquo;Homme des JMJ"},"content":{"rendered":"<h3>Vendredi 7 f\u00e9vrier, les \u00e9l\u00e8ves des classes de Mmes Rouxel, Moreau, Gondard, Guiton et Raveneau se sont rendus \u00e0 la salle Athena pour assister au spectacle \u00ab\u00a0Un petit pas pour l&rsquo;Homme\u00a0\u00bb de la compagnie JMJ. Un moment de reflexion sur notre rapport au monde, en musique.<\/h3>\n<h3>Voici l&rsquo;article extrait du\u00a0 site de la compagnie si vous voulez en savoir plus\u00a0 :<\/h3>\n<h3><em>Parler de notre rapport au monde avec humour et subtilit\u00e9, c\u2019est le d\u00e9fi qu\u2019a relev\u00e9 le conteur musicien Laurent Carudel, accompagn\u00e9 de ses deux complices de La Rue Sans Tambour \u00e9chapp\u00e9s des meilleurs ensembles de musique baroque, le contre-t\u00e9nor Bruno Le Levreur et la violiste Julie Dessaint en alternance avec Alice Trocellier.<\/em><br \/>\n<em>Au rythme des musiques de Monteverdi, Purcell, Vivaldi, mais aussi de compositions originales, ce spectacle plante une petite graine d\u2019\u00e9veil des consciences pour les g\u00e9n\u00e9rations futures en questionnant notre humanit\u00e9 : du chasseur-cueilleur \u00e0 l\u2019homme dans l\u2019espace, comment percevons-nous notre \u00e9volution ?<\/em><\/h3>\n<h3>et un extrait du spectacle\u00a0 :<\/h3>\n<p><iframe loading=\"lazy\" title=\"TEASER spectacle &quot;UN PETIT PAS POUR L&#039;HOMME ?&quot;\" width=\"1080\" height=\"608\" src=\"https:\/\/www.youtube.com\/embed\/LnCGv0dR11g?feature=oembed\" frameborder=\"0\" allow=\"accelerometer; autoplay; clipboard-write; encrypted-media; gyroscope; picture-in-picture; web-share\" referrerpolicy=\"strict-origin-when-cross-origin\" allowfullscreen><\/iframe><\/p>\n","protected":false},"excerpt":{"rendered":"<p>Vendredi 7 f\u00e9vrier, les \u00e9l\u00e8ves des classes de Mmes Rouxel, Moreau, Gondard, Guiton et Raveneau se sont rendus \u00e0 la salle Athena pour assister au spectacle \u00ab\u00a0Un petit pas pour l&rsquo;Homme\u00a0\u00bb de la compagnie JMJ. Un moment de reflexion sur notre rapport au monde, en musique. Voici l&rsquo;article extrait du\u00a0 site de la compagnie si [&hellip;]<\/p>\n","protected":false},"author":13,"featured_media":6069,"comment_status":"closed","ping_status":"open","sticky":false,"template":"","format":"standard","meta":{"_et_pb_use_builder":"","_et_pb_old_content":"","_et_gb_content_width":"","footnotes":""},"categories":[1],"tags":[],"class_list":["post-6068","post","type-post","status-publish","format-standard","has-post-thumbnail","hentry","category-non-classe"],"_links":{"self":[{"href":"https:\/\/www.ecole-stjeannotredame.fr\/index.php\/wp-json\/wp\/v2\/posts\/6068","targetHints":{"allow":["GET"]}}],"collection":[{"href":"https:\/\/www.ecole-stjeannotredame.fr\/index.php\/wp-json\/wp\/v2\/posts"}],"about":[{"href":"https:\/\/www.ecole-stjeannotredame.fr\/index.php\/wp-json\/wp\/v2\/types\/post"}],"author":[{"embeddable":true,"href":"https:\/\/www.ecole-stjeannotredame.fr\/index.php\/wp-json\/wp\/v2\/users\/13"}],"replies":[{"embeddable":true,"href":"https:\/\/www.ecole-stjeannotredame.fr\/index.php\/wp-json\/wp\/v2\/comments?post=6068"}],"version-history":[{"count":1,"href":"https:\/\/www.ecole-stjeannotredame.fr\/index.php\/wp-json\/wp\/v2\/posts\/6068\/revisions"}],"predecessor-version":[{"id":6070,"href":"https:\/\/www.ecole-stjeannotredame.fr\/index.php\/wp-json\/wp\/v2\/posts\/6068\/revisions\/6070"}],"wp:featuredmedia":[{"embeddable":true,"href":"https:\/\/www.ecole-stjeannotredame.fr\/index.php\/wp-json\/wp\/v2\/media\/6069"}],"wp:attachment":[{"href":"https:\/\/www.ecole-stjeannotredame.fr\/index.php\/wp-json\/wp\/v2\/media?parent=6068"}],"wp:term":[{"taxonomy":"category","embeddable":true,"href":"https:\/\/www.ecole-stjeannotredame.fr\/index.php\/wp-json\/wp\/v2\/categories?post=6068"},{"taxonomy":"post_tag","embeddable":true,"href":"https:\/\/www.ecole-stjeannotredame.fr\/index.php\/wp-json\/wp\/v2\/tags?post=6068"}],"curies":[{"name":"wp","href":"https:\/\/api.w.org\/{rel}","templated":true}]}}