{"id":6232,"date":"2025-04-30T14:02:34","date_gmt":"2025-04-30T12:02:34","guid":{"rendered":"https:\/\/www.ecole-stjeannotredame.fr\/?p=6232"},"modified":"2025-04-30T14:02:45","modified_gmt":"2025-04-30T12:02:45","slug":"sortie-a-la-laverie","status":"publish","type":"post","link":"https:\/\/www.ecole-stjeannotredame.fr\/index.php\/2025\/04\/30\/sortie-a-la-laverie\/","title":{"rendered":"Sortie \u00e0 la laverie"},"content":{"rendered":"<p>Mardi 29 avril la classe s&rsquo;est rendue \u00e0 la laverie pour l&rsquo;exposition \u00ab\u00a0Les gardiens du vivant\u00a0\u00bb de \u00ab\u00a0Chris &amp; Nico\u00a0\u00bb.<\/p>\n<p>Ils ont d\u00e9couvert avec la photographe, Christel Vermault,\u00a0 la collection de clich\u00e9s r\u00e9alis\u00e9s en Sarthe chez des personnes ayant une relation pr\u00e9cieuse avec la nature. Elle leur a \u00e9galement apport\u00e9 quelques termes techniques : plan rapproch\u00e9, plan large, nature morte, portrait, lumi\u00e8re naturelle, lumi\u00e8re additionnelle&#8230;<\/p>\n<p>Ils ont ensuite r\u00e9alis\u00e9 un atelier par groupe, o\u00f9 chacun a particip\u00e9 un la cr\u00e9ation d&rsquo;une sc\u00e8ne de nature morte qui a ensuite \u00e9t\u00e9 conserv\u00e9e en prenant une photographie que l&rsquo;artiste nous a transmise&#8230;<\/p>\n<p>Comme a dit Chris : \u00ab\u00a0L&rsquo;id\u00e9e, c&rsquo;est de planter une petite graine. Si \u00e7a prend dans un c\u0153ur sur 25, c&rsquo;est gagn\u00e9\u00a0\u00bb<\/p>\n<p><img loading=\"lazy\" decoding=\"async\" class=\"size-medium wp-image-6233 alignleft\" src=\"http:\/\/www.ecole-stjeannotredame.fr\/wp-content\/uploads\/2025\/04\/1000069533-300x225.jpg\" alt=\"\" width=\"300\" height=\"225\" \/> <img loading=\"lazy\" decoding=\"async\" class=\"size-medium wp-image-6234 alignleft\" src=\"http:\/\/www.ecole-stjeannotredame.fr\/wp-content\/uploads\/2025\/04\/1000069536-300x225.jpg\" alt=\"\" width=\"300\" height=\"225\" \/><\/p>\n<p>&nbsp;<\/p>\n<p>&nbsp;<\/p>\n<p>&nbsp;<\/p>\n<p>&nbsp;<\/p>\n<p>&nbsp;<\/p>\n<p>&nbsp;<\/p>\n<p><img loading=\"lazy\" decoding=\"async\" class=\"alignnone size-medium wp-image-6238\" src=\"http:\/\/www.ecole-stjeannotredame.fr\/wp-content\/uploads\/2025\/04\/1000069516-300x225.jpg\" alt=\"\" width=\"300\" height=\"225\" \/>\u00a0 \u00a0<img loading=\"lazy\" decoding=\"async\" class=\"alignnone size-medium wp-image-6236\" src=\"http:\/\/www.ecole-stjeannotredame.fr\/wp-content\/uploads\/2025\/04\/1000069522-300x225.jpg\" alt=\"\" width=\"300\" height=\"225\" \/><\/p>\n<p>&nbsp;<\/p>\n<p><img loading=\"lazy\" decoding=\"async\" class=\"alignnone size-medium wp-image-6239\" src=\"http:\/\/www.ecole-stjeannotredame.fr\/wp-content\/uploads\/2025\/04\/IMG-20250429-WA0008-300x212.jpg\" alt=\"\" width=\"300\" height=\"212\" \/>\u00a0 \u00a0 <img loading=\"lazy\" decoding=\"async\" class=\"alignnone size-medium wp-image-6235\" src=\"http:\/\/www.ecole-stjeannotredame.fr\/wp-content\/uploads\/2025\/04\/1000069525-300x225.jpg\" alt=\"\" width=\"300\" height=\"225\" \/><\/p>\n<p>&nbsp;<\/p>\n<p><img loading=\"lazy\" decoding=\"async\" class=\"alignnone size-medium wp-image-6250\" src=\"http:\/\/www.ecole-stjeannotredame.fr\/wp-content\/uploads\/2025\/04\/20250429_143420-300x169.jpg\" alt=\"\" width=\"300\" height=\"169\" \/> <img loading=\"lazy\" decoding=\"async\" class=\"alignnone size-medium wp-image-6248\" src=\"http:\/\/www.ecole-stjeannotredame.fr\/wp-content\/uploads\/2025\/04\/20250429_142234-300x169.jpg\" alt=\"\" width=\"300\" height=\"169\" \/><\/p>\n<p><img loading=\"lazy\" decoding=\"async\" class=\"alignnone size-medium wp-image-6243\" src=\"http:\/\/www.ecole-stjeannotredame.fr\/wp-content\/uploads\/2025\/04\/1000069502-300x169.jpg\" alt=\"\" width=\"300\" height=\"169\" \/><img loading=\"lazy\" decoding=\"async\" class=\"alignnone size-medium wp-image-6240\" src=\"http:\/\/www.ecole-stjeannotredame.fr\/wp-content\/uploads\/2025\/04\/1000069499-169x300.jpg\" alt=\"\" width=\"169\" height=\"300\" \/><img loading=\"lazy\" decoding=\"async\" class=\"alignnone size-medium wp-image-6246\" src=\"http:\/\/www.ecole-stjeannotredame.fr\/wp-content\/uploads\/2025\/04\/1000069505-300x169.jpg\" alt=\"\" width=\"300\" height=\"169\" \/><\/p>\n<p><img loading=\"lazy\" decoding=\"async\" class=\"alignnone size-medium wp-image-6241\" src=\"http:\/\/www.ecole-stjeannotredame.fr\/wp-content\/uploads\/2025\/04\/1000069500-300x169.jpg\" alt=\"\" width=\"300\" height=\"169\" \/> <img loading=\"lazy\" decoding=\"async\" class=\"alignnone size-medium wp-image-6242\" src=\"http:\/\/www.ecole-stjeannotredame.fr\/wp-content\/uploads\/2025\/04\/1000069501-300x169.jpg\" alt=\"\" width=\"300\" height=\"169\" \/><\/p>\n<p><img loading=\"lazy\" decoding=\"async\" class=\"alignnone size-medium wp-image-6244\" src=\"http:\/\/www.ecole-stjeannotredame.fr\/wp-content\/uploads\/2025\/04\/1000069503-300x169.jpg\" alt=\"\" width=\"300\" height=\"169\" \/> <img loading=\"lazy\" decoding=\"async\" class=\"alignnone size-medium wp-image-6245\" src=\"http:\/\/www.ecole-stjeannotredame.fr\/wp-content\/uploads\/2025\/04\/1000069504-300x169.jpg\" alt=\"\" width=\"300\" height=\"169\" \/><\/p>\n","protected":false},"excerpt":{"rendered":"<p>Mardi 29 avril la classe s&rsquo;est rendue \u00e0 la laverie pour l&rsquo;exposition \u00ab\u00a0Les gardiens du vivant\u00a0\u00bb de \u00ab\u00a0Chris &amp; Nico\u00a0\u00bb. Ils ont d\u00e9couvert avec la photographe, Christel Vermault,\u00a0 la collection de clich\u00e9s r\u00e9alis\u00e9s en Sarthe chez des personnes ayant une relation pr\u00e9cieuse avec la nature. Elle leur a \u00e9galement apport\u00e9 quelques termes techniques : plan [&hellip;]<\/p>\n","protected":false},"author":11,"featured_media":6249,"comment_status":"closed","ping_status":"open","sticky":false,"template":"","format":"standard","meta":{"_et_pb_use_builder":"","_et_pb_old_content":"","_et_gb_content_width":"","footnotes":""},"categories":[1],"tags":[],"class_list":["post-6232","post","type-post","status-publish","format-standard","has-post-thumbnail","hentry","category-non-classe"],"_links":{"self":[{"href":"https:\/\/www.ecole-stjeannotredame.fr\/index.php\/wp-json\/wp\/v2\/posts\/6232","targetHints":{"allow":["GET"]}}],"collection":[{"href":"https:\/\/www.ecole-stjeannotredame.fr\/index.php\/wp-json\/wp\/v2\/posts"}],"about":[{"href":"https:\/\/www.ecole-stjeannotredame.fr\/index.php\/wp-json\/wp\/v2\/types\/post"}],"author":[{"embeddable":true,"href":"https:\/\/www.ecole-stjeannotredame.fr\/index.php\/wp-json\/wp\/v2\/users\/11"}],"replies":[{"embeddable":true,"href":"https:\/\/www.ecole-stjeannotredame.fr\/index.php\/wp-json\/wp\/v2\/comments?post=6232"}],"version-history":[{"count":3,"href":"https:\/\/www.ecole-stjeannotredame.fr\/index.php\/wp-json\/wp\/v2\/posts\/6232\/revisions"}],"predecessor-version":[{"id":6253,"href":"https:\/\/www.ecole-stjeannotredame.fr\/index.php\/wp-json\/wp\/v2\/posts\/6232\/revisions\/6253"}],"wp:featuredmedia":[{"embeddable":true,"href":"https:\/\/www.ecole-stjeannotredame.fr\/index.php\/wp-json\/wp\/v2\/media\/6249"}],"wp:attachment":[{"href":"https:\/\/www.ecole-stjeannotredame.fr\/index.php\/wp-json\/wp\/v2\/media?parent=6232"}],"wp:term":[{"taxonomy":"category","embeddable":true,"href":"https:\/\/www.ecole-stjeannotredame.fr\/index.php\/wp-json\/wp\/v2\/categories?post=6232"},{"taxonomy":"post_tag","embeddable":true,"href":"https:\/\/www.ecole-stjeannotredame.fr\/index.php\/wp-json\/wp\/v2\/tags?post=6232"}],"curies":[{"name":"wp","href":"https:\/\/api.w.org\/{rel}","templated":true}]}}