{"id":6659,"date":"2026-01-26T20:58:54","date_gmt":"2026-01-26T19:58:54","guid":{"rendered":"https:\/\/www.ecole-stjeannotredame.fr\/?p=6659"},"modified":"2026-01-26T20:59:03","modified_gmt":"2026-01-26T19:59:03","slug":"les-petits-champions-de-la-lecture-2","status":"publish","type":"post","link":"https:\/\/www.ecole-stjeannotredame.fr\/index.php\/2026\/01\/26\/les-petits-champions-de-la-lecture-2\/","title":{"rendered":"Les petits champions de la lecture"},"content":{"rendered":"<p>Ce jeudi 22 janvier s&rsquo;est d\u00e9roul\u00e9e la finale de l&rsquo;\u00e9cole, la toute premi\u00e8re \u00e9tape du grand jeu des Petits champions de la lecture<strong data-start=\"285\" data-end=\"381\">. <\/strong>Le jury \u00e9tait compos\u00e9 des \u00e9l\u00e8ves de la classe de CM2, du professeure Mme Guiton et des membres de l&rsquo;association Clair de Lune qui ont accompagn\u00e9 les enfants tout au long de cette grande aventure.<\/p>\n<p data-start=\"285\" data-end=\"848\"><strong>C&rsquo;\u00e9tait un plaisir, les enfants \u00e9taient vraiment investis et avaient tr\u00e8s envie de donner le meilleur.Que de progr\u00e8s sur la ponctuation l&rsquo;articulation, la posture et l&rsquo;intonation. Bravo \u00e0 tous !<\/strong><\/p>\n<ul>\n<li data-start=\"285\" data-end=\"848\"><strong>Ils sont repartis avec une belle m\u00e9daille, un petit sachet de g\u00e2teaux et surtout plein de souvenirs dans la t\u00eate !<\/strong><del><img loading=\"lazy\" decoding=\"async\" class=\"size-medium wp-image-6660 aligncenter\" src=\"https:\/\/www.ecole-stjeannotredame.fr\/wp-content\/uploads\/2026\/01\/20260122_111034-300x225.jpg\" alt=\"\" width=\"300\" height=\"225\" \/><\/del><\/li>\n<\/ul>\n<p>&nbsp;<\/p>\n","protected":false},"excerpt":{"rendered":"<p>Ce jeudi 22 janvier s&rsquo;est d\u00e9roul\u00e9e la finale de l&rsquo;\u00e9cole, la toute premi\u00e8re \u00e9tape du grand jeu des Petits champions de la lecture. Le jury \u00e9tait compos\u00e9 des \u00e9l\u00e8ves de la classe de CM2, du professeure Mme Guiton et des membres de l&rsquo;association Clair de Lune qui ont accompagn\u00e9 les enfants tout au long de [&hellip;]<\/p>\n","protected":false},"author":20,"featured_media":6661,"comment_status":"closed","ping_status":"open","sticky":false,"template":"","format":"standard","meta":{"_et_pb_use_builder":"","_et_pb_old_content":"","_et_gb_content_width":"","footnotes":""},"categories":[1],"tags":[],"class_list":["post-6659","post","type-post","status-publish","format-standard","has-post-thumbnail","hentry","category-non-classe"],"_links":{"self":[{"href":"https:\/\/www.ecole-stjeannotredame.fr\/index.php\/wp-json\/wp\/v2\/posts\/6659","targetHints":{"allow":["GET"]}}],"collection":[{"href":"https:\/\/www.ecole-stjeannotredame.fr\/index.php\/wp-json\/wp\/v2\/posts"}],"about":[{"href":"https:\/\/www.ecole-stjeannotredame.fr\/index.php\/wp-json\/wp\/v2\/types\/post"}],"author":[{"embeddable":true,"href":"https:\/\/www.ecole-stjeannotredame.fr\/index.php\/wp-json\/wp\/v2\/users\/20"}],"replies":[{"embeddable":true,"href":"https:\/\/www.ecole-stjeannotredame.fr\/index.php\/wp-json\/wp\/v2\/comments?post=6659"}],"version-history":[{"count":2,"href":"https:\/\/www.ecole-stjeannotredame.fr\/index.php\/wp-json\/wp\/v2\/posts\/6659\/revisions"}],"predecessor-version":[{"id":6663,"href":"https:\/\/www.ecole-stjeannotredame.fr\/index.php\/wp-json\/wp\/v2\/posts\/6659\/revisions\/6663"}],"wp:featuredmedia":[{"embeddable":true,"href":"https:\/\/www.ecole-stjeannotredame.fr\/index.php\/wp-json\/wp\/v2\/media\/6661"}],"wp:attachment":[{"href":"https:\/\/www.ecole-stjeannotredame.fr\/index.php\/wp-json\/wp\/v2\/media?parent=6659"}],"wp:term":[{"taxonomy":"category","embeddable":true,"href":"https:\/\/www.ecole-stjeannotredame.fr\/index.php\/wp-json\/wp\/v2\/categories?post=6659"},{"taxonomy":"post_tag","embeddable":true,"href":"https:\/\/www.ecole-stjeannotredame.fr\/index.php\/wp-json\/wp\/v2\/tags?post=6659"}],"curies":[{"name":"wp","href":"https:\/\/api.w.org\/{rel}","templated":true}]}}